{"id":9969,"date":"2024-11-25T13:56:34","date_gmt":"2024-11-25T13:56:34","guid":{"rendered":"https:\/\/www.fundacionelpilar.cl\/web\/?p=9969"},"modified":"2024-11-25T13:56:34","modified_gmt":"2024-11-25T13:56:34","slug":"con-un-acto-familiar-se-celebro-el-dia-de-la-educacion-parvularia-en-el-colegio-el-pilar","status":"publish","type":"post","link":"https:\/\/www.fundacionelpilar.cl\/web\/con-un-acto-familiar-se-celebro-el-dia-de-la-educacion-parvularia-en-el-colegio-el-pilar\/","title":{"rendered":"Con un acto familiar se celebr\u00f3 el D\u00eda de la Educaci\u00f3n Parvularia en el Colegio El Pilar"},"content":{"rendered":"<p><strong>El \u00e1rea de educaci\u00f3n pre escolar estuvo de fiesta y desarroll\u00f3 un nutrido programa de actividades.<\/strong><!--more--><\/p>\n<p>Este pasado viernes 22 de noviembre se celebr\u00f3 en nuestro pa\u00eds el D\u00eda de la Educaci\u00f3n Parvularia y de las Educadoras y Educadores de P\u00e1rvulos, por este motivo fue que en el Colegio El Pilar se desarroll\u00f3 un entretenido acto en el que estuvieron presentes las y los ni\u00f1os de pre b\u00e1sica, adem\u00e1s de sus familias.<\/p>\n<p>La jornada se desarroll\u00f3 en el gimnasio del Colegio y reuni\u00f3 a las madres, padres y apoderados de los estudiantes pertenecientes a cada uno de los niveles de la Educaci\u00f3n Parvularia.<\/p>\n<p>Fue as\u00ed como en la ocasi\u00f3n bailaron las familias y los peque\u00f1os de Pre Kinder y Kinder, cerrando de este modo una semana que estuvo cargada de diferentes actividades en las que se buscaba resaltar el rol de quienes con su entrega y dedicaci\u00f3n acompa\u00f1an cada paso de los aprendizajes de ni\u00f1as y ni\u00f1os.<\/p>\n<p><strong>Semana <\/strong><\/p>\n<p>Un nutrido programa fue el que tuvo la Semana del P\u00e1rvulo 2024 en el Colegio El Pilar. Todo inici\u00f3 el lunes 18 con un teatro de sombras, siguiendo el martes con el panorama \u00abTodos somos Reyes y Reinas\u00bb, que consisti\u00f3 en una fiesta de gala para los ni\u00f1os y ni\u00f1as. Por eso los pilarinos m\u00e1s peque\u00f1os participaron de juegos, c\u00e1mara 360, entre otros.<\/p>\n<p>El mi\u00e9rcoles 20 la atenci\u00f3n se traslad\u00f3 hasta Castro debido a que los pilarinos m\u00e1s peque\u00f1os fueron al cine a ver la pel\u00edcula \u00abRobot Salvaje\u00bb, mientras que al d\u00eda siguiente todos compartieron un medan saludable.<\/p>\n<p>Cabe recordar que cada 22 de noviembre la Educaci\u00f3n Parvularia y las (os) Educadoras (es) de P\u00e1rvulos celebran su d\u00eda, en reconocimiento por la labor de este nivel educativo que atiende a ni\u00f1as (os) desde su nacimiento hasta su ingreso a la educaci\u00f3n b\u00e1sica, con el objetivo de favorecer de manera sistem\u00e1tica, oportuna y pertinente, el desarrollo integral y aprendizajes relevantes y significativos, brindando apoyo a las familias en su rol insustituible de primera educadora.<\/p>\n<p>Se celebra el 22 de noviembre porque es la fecha que corresponde a la creaci\u00f3n, en 1944, de la primera escuela de Educaci\u00f3n Parvularia en la Universidad de Chile.<\/p>\n<div id='gallery-1' class='gallery galleryid-9969 gallery-columns-3 gallery-size-medium'><figure class='gallery-item'>\n\t\t\t<div class='gallery-icon landscape'>\n\t\t\t\t<a href='https:\/\/www.fundacionelpilar.cl\/web\/con-un-acto-familiar-se-celebro-el-dia-de-la-educacion-parvularia-en-el-colegio-el-pilar\/dsc_8945\/'><img fetchpriority=\"high\" decoding=\"async\" width=\"300\" height=\"169\" src=\"https:\/\/www.fundacionelpilar.cl\/web\/wp-content\/uploads\/2024\/11\/DSC_8945-300x169.jpg\" class=\"attachment-medium size-medium\" alt=\"\" srcset=\"https:\/\/www.fundacionelpilar.cl\/web\/wp-content\/uploads\/2024\/11\/DSC_8945-300x169.jpg 300w, https:\/\/www.fundacionelpilar.cl\/web\/wp-content\/uploads\/2024\/11\/DSC_8945-1024x575.jpg 1024w, https:\/\/www.fundacionelpilar.cl\/web\/wp-content\/uploads\/2024\/11\/DSC_8945-768x432.jpg 768w, https:\/\/www.fundacionelpilar.cl\/web\/wp-content\/uploads\/2024\/11\/DSC_8945-1536x863.jpg 1536w, https:\/\/www.fundacionelpilar.cl\/web\/wp-content\/uploads\/2024\/11\/DSC_8945-1170x658.jpg 1170w, https:\/\/www.fundacionelpilar.cl\/web\/wp-content\/uploads\/2024\/11\/DSC_8945-770x433.jpg 770w, https:\/\/www.fundacionelpilar.cl\/web\/wp-content\/uploads\/2024\/11\/DSC_8945-370x208.jpg 370w, https:\/\/www.fundacionelpilar.cl\/web\/wp-content\/uploads\/2024\/11\/DSC_8945-270x152.jpg 270w, https:\/\/www.fundacionelpilar.cl\/web\/wp-content\/uploads\/2024\/11\/DSC_8945.jpg 2000w\" sizes=\"(max-width: 300px) 100vw, 300px\" \/><\/a>\n\t\t\t<\/div><\/figure><figure class='gallery-item'>\n\t\t\t<div class='gallery-icon landscape'>\n\t\t\t\t<a href='https:\/\/www.fundacionelpilar.cl\/web\/con-un-acto-familiar-se-celebro-el-dia-de-la-educacion-parvularia-en-el-colegio-el-pilar\/dsc_8958\/'><img decoding=\"async\" width=\"300\" height=\"169\" src=\"https:\/\/www.fundacionelpilar.cl\/web\/wp-content\/uploads\/2024\/11\/DSC_8958-300x169.jpg\" class=\"attachment-medium size-medium\" alt=\"\" srcset=\"https:\/\/www.fundacionelpilar.cl\/web\/wp-content\/uploads\/2024\/11\/DSC_8958-300x169.jpg 300w, https:\/\/www.fundacionelpilar.cl\/web\/wp-content\/uploads\/2024\/11\/DSC_8958-1024x575.jpg 1024w, https:\/\/www.fundacionelpilar.cl\/web\/wp-content\/uploads\/2024\/11\/DSC_8958-768x432.jpg 768w, https:\/\/www.fundacionelpilar.cl\/web\/wp-content\/uploads\/2024\/11\/DSC_8958-1536x863.jpg 1536w, https:\/\/www.fundacionelpilar.cl\/web\/wp-content\/uploads\/2024\/11\/DSC_8958-1170x658.jpg 1170w, https:\/\/www.fundacionelpilar.cl\/web\/wp-content\/uploads\/2024\/11\/DSC_8958-770x433.jpg 770w, https:\/\/www.fundacionelpilar.cl\/web\/wp-content\/uploads\/2024\/11\/DSC_8958-370x208.jpg 370w, https:\/\/www.fundacionelpilar.cl\/web\/wp-content\/uploads\/2024\/11\/DSC_8958-270x152.jpg 270w, https:\/\/www.fundacionelpilar.cl\/web\/wp-content\/uploads\/2024\/11\/DSC_8958.jpg 2000w\" sizes=\"(max-width: 300px) 100vw, 300px\" \/><\/a>\n\t\t\t<\/div><\/figure><figure class='gallery-item'>\n\t\t\t<div class='gallery-icon landscape'>\n\t\t\t\t<a href='https:\/\/www.fundacionelpilar.cl\/web\/con-un-acto-familiar-se-celebro-el-dia-de-la-educacion-parvularia-en-el-colegio-el-pilar\/dsc_8988\/'><img decoding=\"async\" width=\"300\" height=\"169\" src=\"https:\/\/www.fundacionelpilar.cl\/web\/wp-content\/uploads\/2024\/11\/DSC_8988-300x169.jpg\" class=\"attachment-medium size-medium\" alt=\"\" srcset=\"https:\/\/www.fundacionelpilar.cl\/web\/wp-content\/uploads\/2024\/11\/DSC_8988-300x169.jpg 300w, https:\/\/www.fundacionelpilar.cl\/web\/wp-content\/uploads\/2024\/11\/DSC_8988-1024x575.jpg 1024w, https:\/\/www.fundacionelpilar.cl\/web\/wp-content\/uploads\/2024\/11\/DSC_8988-768x432.jpg 768w, https:\/\/www.fundacionelpilar.cl\/web\/wp-content\/uploads\/2024\/11\/DSC_8988-1536x863.jpg 1536w, https:\/\/www.fundacionelpilar.cl\/web\/wp-content\/uploads\/2024\/11\/DSC_8988-1170x658.jpg 1170w, https:\/\/www.fundacionelpilar.cl\/web\/wp-content\/uploads\/2024\/11\/DSC_8988-770x433.jpg 770w, https:\/\/www.fundacionelpilar.cl\/web\/wp-content\/uploads\/2024\/11\/DSC_8988-370x208.jpg 370w, https:\/\/www.fundacionelpilar.cl\/web\/wp-content\/uploads\/2024\/11\/DSC_8988-270x152.jpg 270w, https:\/\/www.fundacionelpilar.cl\/web\/wp-content\/uploads\/2024\/11\/DSC_8988.jpg 2000w\" sizes=\"(max-width: 300px) 100vw, 300px\" \/><\/a>\n\t\t\t<\/div><\/figure><figure class='gallery-item'>\n\t\t\t<div class='gallery-icon landscape'>\n\t\t\t\t<a href='https:\/\/www.fundacionelpilar.cl\/web\/con-un-acto-familiar-se-celebro-el-dia-de-la-educacion-parvularia-en-el-colegio-el-pilar\/dsc_8989\/'><img loading=\"lazy\" decoding=\"async\" width=\"300\" height=\"169\" src=\"https:\/\/www.fundacionelpilar.cl\/web\/wp-content\/uploads\/2024\/11\/DSC_8989-300x169.jpg\" class=\"attachment-medium size-medium\" alt=\"\" srcset=\"https:\/\/www.fundacionelpilar.cl\/web\/wp-content\/uploads\/2024\/11\/DSC_8989-300x169.jpg 300w, https:\/\/www.fundacionelpilar.cl\/web\/wp-content\/uploads\/2024\/11\/DSC_8989-1024x575.jpg 1024w, https:\/\/www.fundacionelpilar.cl\/web\/wp-content\/uploads\/2024\/11\/DSC_8989-768x432.jpg 768w, https:\/\/www.fundacionelpilar.cl\/web\/wp-content\/uploads\/2024\/11\/DSC_8989-1536x863.jpg 1536w, https:\/\/www.fundacionelpilar.cl\/web\/wp-content\/uploads\/2024\/11\/DSC_8989-1170x658.jpg 1170w, https:\/\/www.fundacionelpilar.cl\/web\/wp-content\/uploads\/2024\/11\/DSC_8989-770x433.jpg 770w, https:\/\/www.fundacionelpilar.cl\/web\/wp-content\/uploads\/2024\/11\/DSC_8989-370x208.jpg 370w, https:\/\/www.fundacionelpilar.cl\/web\/wp-content\/uploads\/2024\/11\/DSC_8989-270x152.jpg 270w, https:\/\/www.fundacionelpilar.cl\/web\/wp-content\/uploads\/2024\/11\/DSC_8989.jpg 2000w\" sizes=\"(max-width: 300px) 100vw, 300px\" \/><\/a>\n\t\t\t<\/div><\/figure><figure class='gallery-item'>\n\t\t\t<div class='gallery-icon landscape'>\n\t\t\t\t<a href='https:\/\/www.fundacionelpilar.cl\/web\/con-un-acto-familiar-se-celebro-el-dia-de-la-educacion-parvularia-en-el-colegio-el-pilar\/dsc_9041\/'><img loading=\"lazy\" decoding=\"async\" width=\"300\" height=\"169\" src=\"https:\/\/www.fundacionelpilar.cl\/web\/wp-content\/uploads\/2024\/11\/DSC_9041-300x169.jpg\" class=\"attachment-medium size-medium\" alt=\"\" srcset=\"https:\/\/www.fundacionelpilar.cl\/web\/wp-content\/uploads\/2024\/11\/DSC_9041-300x169.jpg 300w, https:\/\/www.fundacionelpilar.cl\/web\/wp-content\/uploads\/2024\/11\/DSC_9041-1024x575.jpg 1024w, https:\/\/www.fundacionelpilar.cl\/web\/wp-content\/uploads\/2024\/11\/DSC_9041-768x432.jpg 768w, https:\/\/www.fundacionelpilar.cl\/web\/wp-content\/uploads\/2024\/11\/DSC_9041-1536x863.jpg 1536w, https:\/\/www.fundacionelpilar.cl\/web\/wp-content\/uploads\/2024\/11\/DSC_9041-1170x658.jpg 1170w, https:\/\/www.fundacionelpilar.cl\/web\/wp-content\/uploads\/2024\/11\/DSC_9041-770x433.jpg 770w, https:\/\/www.fundacionelpilar.cl\/web\/wp-content\/uploads\/2024\/11\/DSC_9041-370x208.jpg 370w, https:\/\/www.fundacionelpilar.cl\/web\/wp-content\/uploads\/2024\/11\/DSC_9041-270x152.jpg 270w, https:\/\/www.fundacionelpilar.cl\/web\/wp-content\/uploads\/2024\/11\/DSC_9041.jpg 2000w\" sizes=\"(max-width: 300px) 100vw, 300px\" \/><\/a>\n\t\t\t<\/div><\/figure><figure class='gallery-item'>\n\t\t\t<div class='gallery-icon landscape'>\n\t\t\t\t<a href='https:\/\/www.fundacionelpilar.cl\/web\/con-un-acto-familiar-se-celebro-el-dia-de-la-educacion-parvularia-en-el-colegio-el-pilar\/dsc_9101\/'><img loading=\"lazy\" decoding=\"async\" width=\"300\" height=\"169\" src=\"https:\/\/www.fundacionelpilar.cl\/web\/wp-content\/uploads\/2024\/11\/DSC_9101-300x169.jpg\" class=\"attachment-medium size-medium\" alt=\"\" srcset=\"https:\/\/www.fundacionelpilar.cl\/web\/wp-content\/uploads\/2024\/11\/DSC_9101-300x169.jpg 300w, https:\/\/www.fundacionelpilar.cl\/web\/wp-content\/uploads\/2024\/11\/DSC_9101-1024x575.jpg 1024w, https:\/\/www.fundacionelpilar.cl\/web\/wp-content\/uploads\/2024\/11\/DSC_9101-768x432.jpg 768w, https:\/\/www.fundacionelpilar.cl\/web\/wp-content\/uploads\/2024\/11\/DSC_9101-1536x863.jpg 1536w, https:\/\/www.fundacionelpilar.cl\/web\/wp-content\/uploads\/2024\/11\/DSC_9101-1170x658.jpg 1170w, https:\/\/www.fundacionelpilar.cl\/web\/wp-content\/uploads\/2024\/11\/DSC_9101-770x433.jpg 770w, https:\/\/www.fundacionelpilar.cl\/web\/wp-content\/uploads\/2024\/11\/DSC_9101-370x208.jpg 370w, https:\/\/www.fundacionelpilar.cl\/web\/wp-content\/uploads\/2024\/11\/DSC_9101-270x152.jpg 270w, https:\/\/www.fundacionelpilar.cl\/web\/wp-content\/uploads\/2024\/11\/DSC_9101.jpg 2000w\" sizes=\"(max-width: 300px) 100vw, 300px\" \/><\/a>\n\t\t\t<\/div><\/figure>\n\t\t<\/div>\n\n<p><a href=\"https:\/\/www.facebook.com\/photo\/?fbid=1027623435834125&amp;set=pcb.1027641032499032&amp;__cft__[0]=AZWMWrYQuyj1ueM0HErKW-DYkgIItZO0Qx1rdAoFucOdWQHEHyeL0E3Kj8OYmB4-vJLSvtSBsJXBt_9haBLnGI06ouH5wjMLHfFTU7WXvaWFGqhldUSM7IxotA251tgIaocaIgHUoxWsg8b18ORHncCnijl4AlhnRiPwfsnkiwCB0i_AuEFR7TcJcskeluTInt8&amp;__tn__=*bH-R\">Ver galer\u00eda acto celebraci\u00f3n\u00a0<\/a><\/p>\n<blockquote>\n<p style=\"text-align: center;\"><strong>Fundaci\u00f3n El Pilar de Ancud: 71 a\u00f1os formando personas \u00edntegras, comprometidas con el desarrollo de la sociedad, el cuidado de la Vida y de la madre tierra.<\/strong><\/p>\n<\/blockquote>\n","protected":false},"excerpt":{"rendered":"<p>El \u00e1rea de educaci\u00f3n pre escolar estuvo de fiesta y desarroll\u00f3 un nutrido programa de actividades.<\/p>\n","protected":false},"author":5,"featured_media":9970,"comment_status":"closed","ping_status":"closed","sticky":false,"template":"","format":"standard","meta":{"footnotes":""},"categories":[10],"tags":[],"class_list":["post-9969","post","type-post","status-publish","format-standard","has-post-thumbnail","hentry","category-colegio"],"_links":{"self":[{"href":"https:\/\/www.fundacionelpilar.cl\/web\/wp-json\/wp\/v2\/posts\/9969","targetHints":{"allow":["GET"]}}],"collection":[{"href":"https:\/\/www.fundacionelpilar.cl\/web\/wp-json\/wp\/v2\/posts"}],"about":[{"href":"https:\/\/www.fundacionelpilar.cl\/web\/wp-json\/wp\/v2\/types\/post"}],"author":[{"embeddable":true,"href":"https:\/\/www.fundacionelpilar.cl\/web\/wp-json\/wp\/v2\/users\/5"}],"replies":[{"embeddable":true,"href":"https:\/\/www.fundacionelpilar.cl\/web\/wp-json\/wp\/v2\/comments?post=9969"}],"version-history":[{"count":1,"href":"https:\/\/www.fundacionelpilar.cl\/web\/wp-json\/wp\/v2\/posts\/9969\/revisions"}],"predecessor-version":[{"id":9978,"href":"https:\/\/www.fundacionelpilar.cl\/web\/wp-json\/wp\/v2\/posts\/9969\/revisions\/9978"}],"wp:featuredmedia":[{"embeddable":true,"href":"https:\/\/www.fundacionelpilar.cl\/web\/wp-json\/wp\/v2\/media\/9970"}],"wp:attachment":[{"href":"https:\/\/www.fundacionelpilar.cl\/web\/wp-json\/wp\/v2\/media?parent=9969"}],"wp:term":[{"taxonomy":"category","embeddable":true,"href":"https:\/\/www.fundacionelpilar.cl\/web\/wp-json\/wp\/v2\/categories?post=9969"},{"taxonomy":"post_tag","embeddable":true,"href":"https:\/\/www.fundacionelpilar.cl\/web\/wp-json\/wp\/v2\/tags?post=9969"}],"curies":[{"name":"wp","href":"https:\/\/api.w.org\/{rel}","templated":true}]}}