{"id":9720,"date":"2024-11-08T12:08:27","date_gmt":"2024-11-08T12:08:27","guid":{"rendered":"https:\/\/www.fundacionelpilar.cl\/web\/?p=9720"},"modified":"2024-11-08T12:08:27","modified_gmt":"2024-11-08T12:08:27","slug":"parvulos-de-la-red-de-colegios-particulares-subvencionados-de-ancud-se-reunieron-en-el-colegio-el-pilar","status":"publish","type":"post","link":"https:\/\/www.fundacionelpilar.cl\/web\/parvulos-de-la-red-de-colegios-particulares-subvencionados-de-ancud-se-reunieron-en-el-colegio-el-pilar\/","title":{"rendered":"P\u00e1rvulos de la Red de Colegios Particulares Subvencionados de Ancud se reunieron en el Colegio El Pilar"},"content":{"rendered":"<div class=\"x11i5rnm xat24cr x1mh8g0r x1vvkbs xtlvy1s x126k92a\">\n<div dir=\"auto\"><strong>Los m\u00e1s peque\u00f1os de cada establecimiento disfrutaron de un entretenido panorama enmarcado dentro del Mes de la Educaci\u00f3n Parvularia.<\/strong><\/div>\n<\/div>\n<p><!--more--><\/p>\n<div class=\"x11i5rnm xat24cr x1mh8g0r x1vvkbs xtlvy1s x126k92a\">\n<div dir=\"auto\">Este jueves 7 de noviembre se dieron cita en el gimnasio de nuestro Colegio El Pilar, varios establecimientos que integran la Red de Colegios Particulares Subvencionados de la comuna de Ancud. Y fueron precisamente delegaciones de ni\u00f1os y ni\u00f1as que pertenecen a la Educaci\u00f3n Parvularia quienes se reunieron.<\/div>\n<\/div>\n<div class=\"x11i5rnm xat24cr x1mh8g0r x1vvkbs xtlvy1s x126k92a\">\n<div dir=\"auto\">La actividad se enmarco dentro de la serie de iniciativas que se estar\u00e1n desarrollando en noviembre con motivo del Mes del P\u00e1rvulo.<\/div>\n<\/div>\n<div class=\"x11i5rnm xat24cr x1mh8g0r x1vvkbs xtlvy1s x126k92a\">\n<div dir=\"auto\">En esta ocasi\u00f3n se cont\u00f3 con la asistencia del Colegio San Juan, San Pablo, Seminario Conciliar, El Pilar, Paz y Amor, San Andr\u00e9s, San Sebasti\u00e1n, Garyes, adem\u00e1s de la escuela de Lenguaje Semilla de Girasol y del jard\u00edn y sala cuna Semillitas Chilotas.<\/div>\n<\/div>\n<div class=\"x11i5rnm xat24cr x1mh8g0r x1vvkbs xtlvy1s x126k92a\">\n<div dir=\"auto\">En la ocasi\u00f3n los peque\u00f1os disfrutaron de juegos, adem\u00e1s de un gran zumbat\u00f3n en la que fue posible ver a algunos personajes corp\u00f3reos.<\/div>\n<\/div>\n<div class=\"x11i5rnm xat24cr x1mh8g0r x1vvkbs xtlvy1s x126k92a\">\n<div dir=\"auto\">Durante el mes de noviembre se busca relevar la importancia del primer nivel educativo para el aprendizaje y desarrollo integral de las ni\u00f1as y ni\u00f1os. Desde 1991, el 22 de noviembre se conmemora el D\u00eda de la Educaci\u00f3n Parvularia y del Educador\/a de P\u00e1rvulos, fecha que corresponde a la creaci\u00f3n, en 1944, de la primera escuela de Educaci\u00f3n Parvularia en la Universidad de Chile.<\/div>\n<\/div>\n<div class=\"x11i5rnm xat24cr x1mh8g0r x1vvkbs xtlvy1s x126k92a\">\n<div dir=\"auto\">De esta manera en las pr\u00f3ximas semanas los pilarinos de pre b\u00e1sica estar\u00e1n participando de diferentes eventos.<\/div>\n<div dir=\"auto\">\n<div id='gallery-1' class='gallery galleryid-9720 gallery-columns-3 gallery-size-medium'><figure class='gallery-item'>\n\t\t\t<div class='gallery-icon landscape'>\n\t\t\t\t<a href='https:\/\/www.fundacionelpilar.cl\/web\/parvulos-de-la-red-de-colegios-particulares-subvencionados-de-ancud-se-reunieron-en-el-colegio-el-pilar\/dsc_7467\/'><img fetchpriority=\"high\" decoding=\"async\" width=\"300\" height=\"169\" src=\"https:\/\/www.fundacionelpilar.cl\/web\/wp-content\/uploads\/2024\/11\/DSC_7467-300x169.jpg\" class=\"attachment-medium size-medium\" alt=\"\" srcset=\"https:\/\/www.fundacionelpilar.cl\/web\/wp-content\/uploads\/2024\/11\/DSC_7467-300x169.jpg 300w, https:\/\/www.fundacionelpilar.cl\/web\/wp-content\/uploads\/2024\/11\/DSC_7467-1024x575.jpg 1024w, https:\/\/www.fundacionelpilar.cl\/web\/wp-content\/uploads\/2024\/11\/DSC_7467-768x432.jpg 768w, https:\/\/www.fundacionelpilar.cl\/web\/wp-content\/uploads\/2024\/11\/DSC_7467-1536x863.jpg 1536w, https:\/\/www.fundacionelpilar.cl\/web\/wp-content\/uploads\/2024\/11\/DSC_7467-1170x658.jpg 1170w, https:\/\/www.fundacionelpilar.cl\/web\/wp-content\/uploads\/2024\/11\/DSC_7467-770x433.jpg 770w, https:\/\/www.fundacionelpilar.cl\/web\/wp-content\/uploads\/2024\/11\/DSC_7467-370x208.jpg 370w, https:\/\/www.fundacionelpilar.cl\/web\/wp-content\/uploads\/2024\/11\/DSC_7467-270x152.jpg 270w, https:\/\/www.fundacionelpilar.cl\/web\/wp-content\/uploads\/2024\/11\/DSC_7467.jpg 2000w\" sizes=\"(max-width: 300px) 100vw, 300px\" \/><\/a>\n\t\t\t<\/div><\/figure><figure class='gallery-item'>\n\t\t\t<div class='gallery-icon landscape'>\n\t\t\t\t<a href='https:\/\/www.fundacionelpilar.cl\/web\/parvulos-de-la-red-de-colegios-particulares-subvencionados-de-ancud-se-reunieron-en-el-colegio-el-pilar\/dsc_7490\/'><img decoding=\"async\" width=\"300\" height=\"169\" src=\"https:\/\/www.fundacionelpilar.cl\/web\/wp-content\/uploads\/2024\/11\/DSC_7490-300x169.jpg\" class=\"attachment-medium size-medium\" alt=\"\" srcset=\"https:\/\/www.fundacionelpilar.cl\/web\/wp-content\/uploads\/2024\/11\/DSC_7490-300x169.jpg 300w, https:\/\/www.fundacionelpilar.cl\/web\/wp-content\/uploads\/2024\/11\/DSC_7490-1024x575.jpg 1024w, https:\/\/www.fundacionelpilar.cl\/web\/wp-content\/uploads\/2024\/11\/DSC_7490-768x432.jpg 768w, https:\/\/www.fundacionelpilar.cl\/web\/wp-content\/uploads\/2024\/11\/DSC_7490-1536x863.jpg 1536w, https:\/\/www.fundacionelpilar.cl\/web\/wp-content\/uploads\/2024\/11\/DSC_7490-1170x658.jpg 1170w, https:\/\/www.fundacionelpilar.cl\/web\/wp-content\/uploads\/2024\/11\/DSC_7490-770x433.jpg 770w, https:\/\/www.fundacionelpilar.cl\/web\/wp-content\/uploads\/2024\/11\/DSC_7490-370x208.jpg 370w, https:\/\/www.fundacionelpilar.cl\/web\/wp-content\/uploads\/2024\/11\/DSC_7490-270x152.jpg 270w, https:\/\/www.fundacionelpilar.cl\/web\/wp-content\/uploads\/2024\/11\/DSC_7490.jpg 2000w\" sizes=\"(max-width: 300px) 100vw, 300px\" \/><\/a>\n\t\t\t<\/div><\/figure><figure class='gallery-item'>\n\t\t\t<div class='gallery-icon landscape'>\n\t\t\t\t<a href='https:\/\/www.fundacionelpilar.cl\/web\/parvulos-de-la-red-de-colegios-particulares-subvencionados-de-ancud-se-reunieron-en-el-colegio-el-pilar\/dsc_7492\/'><img decoding=\"async\" width=\"300\" height=\"169\" src=\"https:\/\/www.fundacionelpilar.cl\/web\/wp-content\/uploads\/2024\/11\/DSC_7492-300x169.jpg\" class=\"attachment-medium size-medium\" alt=\"\" srcset=\"https:\/\/www.fundacionelpilar.cl\/web\/wp-content\/uploads\/2024\/11\/DSC_7492-300x169.jpg 300w, https:\/\/www.fundacionelpilar.cl\/web\/wp-content\/uploads\/2024\/11\/DSC_7492-1024x575.jpg 1024w, https:\/\/www.fundacionelpilar.cl\/web\/wp-content\/uploads\/2024\/11\/DSC_7492-768x432.jpg 768w, https:\/\/www.fundacionelpilar.cl\/web\/wp-content\/uploads\/2024\/11\/DSC_7492-1536x863.jpg 1536w, https:\/\/www.fundacionelpilar.cl\/web\/wp-content\/uploads\/2024\/11\/DSC_7492-1170x658.jpg 1170w, https:\/\/www.fundacionelpilar.cl\/web\/wp-content\/uploads\/2024\/11\/DSC_7492-770x433.jpg 770w, https:\/\/www.fundacionelpilar.cl\/web\/wp-content\/uploads\/2024\/11\/DSC_7492-370x208.jpg 370w, https:\/\/www.fundacionelpilar.cl\/web\/wp-content\/uploads\/2024\/11\/DSC_7492-270x152.jpg 270w, https:\/\/www.fundacionelpilar.cl\/web\/wp-content\/uploads\/2024\/11\/DSC_7492.jpg 2000w\" sizes=\"(max-width: 300px) 100vw, 300px\" \/><\/a>\n\t\t\t<\/div><\/figure><figure class='gallery-item'>\n\t\t\t<div class='gallery-icon landscape'>\n\t\t\t\t<a href='https:\/\/www.fundacionelpilar.cl\/web\/parvulos-de-la-red-de-colegios-particulares-subvencionados-de-ancud-se-reunieron-en-el-colegio-el-pilar\/dsc_7510\/'><img loading=\"lazy\" decoding=\"async\" width=\"300\" height=\"169\" src=\"https:\/\/www.fundacionelpilar.cl\/web\/wp-content\/uploads\/2024\/11\/DSC_7510-300x169.jpg\" class=\"attachment-medium size-medium\" alt=\"\" srcset=\"https:\/\/www.fundacionelpilar.cl\/web\/wp-content\/uploads\/2024\/11\/DSC_7510-300x169.jpg 300w, https:\/\/www.fundacionelpilar.cl\/web\/wp-content\/uploads\/2024\/11\/DSC_7510-1024x575.jpg 1024w, https:\/\/www.fundacionelpilar.cl\/web\/wp-content\/uploads\/2024\/11\/DSC_7510-768x432.jpg 768w, https:\/\/www.fundacionelpilar.cl\/web\/wp-content\/uploads\/2024\/11\/DSC_7510-1536x863.jpg 1536w, https:\/\/www.fundacionelpilar.cl\/web\/wp-content\/uploads\/2024\/11\/DSC_7510-1170x658.jpg 1170w, https:\/\/www.fundacionelpilar.cl\/web\/wp-content\/uploads\/2024\/11\/DSC_7510-770x433.jpg 770w, https:\/\/www.fundacionelpilar.cl\/web\/wp-content\/uploads\/2024\/11\/DSC_7510-370x208.jpg 370w, https:\/\/www.fundacionelpilar.cl\/web\/wp-content\/uploads\/2024\/11\/DSC_7510-270x152.jpg 270w, https:\/\/www.fundacionelpilar.cl\/web\/wp-content\/uploads\/2024\/11\/DSC_7510.jpg 2000w\" sizes=\"(max-width: 300px) 100vw, 300px\" \/><\/a>\n\t\t\t<\/div><\/figure><figure class='gallery-item'>\n\t\t\t<div class='gallery-icon landscape'>\n\t\t\t\t<a href='https:\/\/www.fundacionelpilar.cl\/web\/parvulos-de-la-red-de-colegios-particulares-subvencionados-de-ancud-se-reunieron-en-el-colegio-el-pilar\/dsc_7511\/'><img loading=\"lazy\" decoding=\"async\" width=\"300\" height=\"169\" src=\"https:\/\/www.fundacionelpilar.cl\/web\/wp-content\/uploads\/2024\/11\/DSC_7511-300x169.jpg\" class=\"attachment-medium size-medium\" alt=\"\" srcset=\"https:\/\/www.fundacionelpilar.cl\/web\/wp-content\/uploads\/2024\/11\/DSC_7511-300x169.jpg 300w, https:\/\/www.fundacionelpilar.cl\/web\/wp-content\/uploads\/2024\/11\/DSC_7511-1024x575.jpg 1024w, https:\/\/www.fundacionelpilar.cl\/web\/wp-content\/uploads\/2024\/11\/DSC_7511-768x432.jpg 768w, https:\/\/www.fundacionelpilar.cl\/web\/wp-content\/uploads\/2024\/11\/DSC_7511-1536x863.jpg 1536w, https:\/\/www.fundacionelpilar.cl\/web\/wp-content\/uploads\/2024\/11\/DSC_7511-1170x658.jpg 1170w, https:\/\/www.fundacionelpilar.cl\/web\/wp-content\/uploads\/2024\/11\/DSC_7511-770x433.jpg 770w, https:\/\/www.fundacionelpilar.cl\/web\/wp-content\/uploads\/2024\/11\/DSC_7511-370x208.jpg 370w, https:\/\/www.fundacionelpilar.cl\/web\/wp-content\/uploads\/2024\/11\/DSC_7511-270x152.jpg 270w, https:\/\/www.fundacionelpilar.cl\/web\/wp-content\/uploads\/2024\/11\/DSC_7511.jpg 2000w\" sizes=\"(max-width: 300px) 100vw, 300px\" \/><\/a>\n\t\t\t<\/div><\/figure><figure class='gallery-item'>\n\t\t\t<div class='gallery-icon landscape'>\n\t\t\t\t<a href='https:\/\/www.fundacionelpilar.cl\/web\/parvulos-de-la-red-de-colegios-particulares-subvencionados-de-ancud-se-reunieron-en-el-colegio-el-pilar\/dsc_7627\/'><img loading=\"lazy\" decoding=\"async\" width=\"300\" height=\"180\" src=\"https:\/\/www.fundacionelpilar.cl\/web\/wp-content\/uploads\/2024\/11\/DSC_7627-300x180.jpg\" class=\"attachment-medium size-medium\" alt=\"\" srcset=\"https:\/\/www.fundacionelpilar.cl\/web\/wp-content\/uploads\/2024\/11\/DSC_7627-300x180.jpg 300w, https:\/\/www.fundacionelpilar.cl\/web\/wp-content\/uploads\/2024\/11\/DSC_7627-1024x615.jpg 1024w, https:\/\/www.fundacionelpilar.cl\/web\/wp-content\/uploads\/2024\/11\/DSC_7627-768x461.jpg 768w, https:\/\/www.fundacionelpilar.cl\/web\/wp-content\/uploads\/2024\/11\/DSC_7627-1536x922.jpg 1536w, https:\/\/www.fundacionelpilar.cl\/web\/wp-content\/uploads\/2024\/11\/DSC_7627-770x462.jpg 770w, https:\/\/www.fundacionelpilar.cl\/web\/wp-content\/uploads\/2024\/11\/DSC_7627-370x222.jpg 370w, https:\/\/www.fundacionelpilar.cl\/web\/wp-content\/uploads\/2024\/11\/DSC_7627.jpg 2000w\" sizes=\"(max-width: 300px) 100vw, 300px\" \/><\/a>\n\t\t\t<\/div><\/figure>\n\t\t<\/div>\n\n<p>&nbsp;<\/p>\n<\/div>\n<div dir=\"auto\"><a href=\"https:\/\/www.facebook.com\/photo\/?fbid=1015688947027574&amp;set=pcb.1015682993694836&amp;__cft__[0]=AZWoDXVF8vWulpP4xwvK6nEtXYtFu8_vTicWpgl1oj0Sn-cTkZiwym_50TdRkzjg2NAhVpI42VbK8iaA7O_iqzLLTT7C2UR1r_Qq8vRP5qBDJsPbYRSSp4f09BVJdATzQGqymDKSten67xk0WYgReX3_iQ_3EAvqGnHuH9s9Hq1VjIWSXSHADp-T24XiCaFl3eo&amp;__tn__=*bH-R\">Ver galer\u00eda fotogr\u00e1fica\u00a0<\/a><\/div>\n<\/div>\n<div class=\"x11i5rnm xat24cr x1mh8g0r x1vvkbs xtlvy1s x126k92a\">\n<blockquote>\n<div dir=\"auto\" style=\"text-align: center;\"><strong>Fundaci\u00f3n El Pilar de Ancud: 71 a\u00f1os formando personas \u00edntegras, comprometidas con el desarrollo de la sociedad, el cuidado de la Vida y de la madre tierra.<\/strong><\/div>\n<\/blockquote>\n<\/div>\n","protected":false},"excerpt":{"rendered":"<p>Los m\u00e1s peque\u00f1os de cada establecimiento disfrutaron de un entretenido panorama enmarcado dentro del Mes de la Educaci\u00f3n Parvularia.<\/p>\n","protected":false},"author":5,"featured_media":9721,"comment_status":"closed","ping_status":"closed","sticky":false,"template":"","format":"standard","meta":{"footnotes":""},"categories":[10],"tags":[],"class_list":["post-9720","post","type-post","status-publish","format-standard","has-post-thumbnail","hentry","category-colegio"],"_links":{"self":[{"href":"https:\/\/www.fundacionelpilar.cl\/web\/wp-json\/wp\/v2\/posts\/9720","targetHints":{"allow":["GET"]}}],"collection":[{"href":"https:\/\/www.fundacionelpilar.cl\/web\/wp-json\/wp\/v2\/posts"}],"about":[{"href":"https:\/\/www.fundacionelpilar.cl\/web\/wp-json\/wp\/v2\/types\/post"}],"author":[{"embeddable":true,"href":"https:\/\/www.fundacionelpilar.cl\/web\/wp-json\/wp\/v2\/users\/5"}],"replies":[{"embeddable":true,"href":"https:\/\/www.fundacionelpilar.cl\/web\/wp-json\/wp\/v2\/comments?post=9720"}],"version-history":[{"count":1,"href":"https:\/\/www.fundacionelpilar.cl\/web\/wp-json\/wp\/v2\/posts\/9720\/revisions"}],"predecessor-version":[{"id":9728,"href":"https:\/\/www.fundacionelpilar.cl\/web\/wp-json\/wp\/v2\/posts\/9720\/revisions\/9728"}],"wp:featuredmedia":[{"embeddable":true,"href":"https:\/\/www.fundacionelpilar.cl\/web\/wp-json\/wp\/v2\/media\/9721"}],"wp:attachment":[{"href":"https:\/\/www.fundacionelpilar.cl\/web\/wp-json\/wp\/v2\/media?parent=9720"}],"wp:term":[{"taxonomy":"category","embeddable":true,"href":"https:\/\/www.fundacionelpilar.cl\/web\/wp-json\/wp\/v2\/categories?post=9720"},{"taxonomy":"post_tag","embeddable":true,"href":"https:\/\/www.fundacionelpilar.cl\/web\/wp-json\/wp\/v2\/tags?post=9720"}],"curies":[{"name":"wp","href":"https:\/\/api.w.org\/{rel}","templated":true}]}}