{"id":1795,"date":"2016-07-09T17:29:21","date_gmt":"2016-07-09T21:29:21","guid":{"rendered":"http:\/\/www.fundacionelpilar.cl\/?p=1795"},"modified":"2016-07-09T17:29:21","modified_gmt":"2016-07-09T21:29:21","slug":"acto-civico-estudiantil","status":"publish","type":"post","link":"https:\/\/www.fundacionelpilar.cl\/web\/acto-civico-estudiantil\/","title":{"rendered":"Acto C\u00edvico Estudiantil"},"content":{"rendered":"<p>Durante el pasado Martes 5 de Julio se llev\u00f3 a cabo en el Gimnasio de nuestro Liceo, un acto C\u00edvico organizado por el 1ero A T-P; 1ero B T-P, 2do A HC y 4to B HC.<!--more--> El acto conmemor\u00f3 a aquellos estudiantes que han demostrado logros importantes en los <strong>\u00e1mbitos acad\u00e9micos, deportivos, literarios y de superaci\u00f3n, entre otros.<\/strong><\/p>\n<p>Junto con ello, se reconoci\u00f3 a los primeros, segundos y terceros lugares de cada curso respectivamente, como tabi\u00e9n se premi\u00f3 al esfuerzo y a la superaci\u00f3n de nuestros alumnos destacados, principalmente:<\/p>\n<p>&#8211; A nuestras alumnas que participaran en la Selecci\u00f3n de b\u00e1squetbol de Ancud, obteniendo el <strong>tercer lugar Nacional en San Fernando.<\/strong><\/p>\n<p>&#8211; A los cursos que durante el primer semestre demostraron el <strong>mejor porcentaje de asistencia al Liceo<\/strong>, en las modalidades T\u00e9cnico Profesional y Cient\u00edfico Humanista.<\/p>\n<p>&#8211; A nuestras estudiantes <strong>destacadas en el concurso del Taller Literario del establecimiento.<\/strong><\/p>\n<p>Todo lo anterior se conmemor\u00f3 en un ambiente de respeto, enmarcado por la m\u00fasica de nuestra Tierra y los cantos de nuestros alumnos. Felicitamos a todos nuestros estudiantes por demostrar fervientemente el esp\u00edritu de nuestra instituci\u00f3n a trav\u00e9s de los logros alcanzados durante este semestre.<\/p>\n<p><a title=\"2016 - Acto C\u00edvico 5 de Julio\" href=\"https:\/\/www.flickr.com\/photos\/125326947@N03\/albums\/72157670749123336\" data-flickr-embed=\"true\" data-header=\"true\"><img fetchpriority=\"high\" decoding=\"async\" class=\"aligncenter\" src=\"https:\/\/c5.staticflickr.com\/9\/8890\/28164150356_2291a2f688_z.jpg\" alt=\"2016 - Acto C\u00edvico 5 de Julio\" width=\"640\" height=\"424\" \/><\/a><script src=\"\/\/embedr.flickr.com\/assets\/client-code.js\" async=\"\" charset=\"utf-8\"><\/script><\/p>\n","protected":false},"excerpt":{"rendered":"<p>Durante el pasado Martes 5 de Julio se llev\u00f3 a cabo en el Gimnasio de nuestro Liceo, un acto C\u00edvico organizado por el 1ero A T-P; 1ero B T-P, 2do A HC y 4to B HC.<\/p>\n","protected":false},"author":2,"featured_media":1797,"comment_status":"closed","ping_status":"open","sticky":false,"template":"","format":"standard","meta":{"footnotes":""},"categories":[22],"tags":[],"class_list":["post-1795","post","type-post","status-publish","format-standard","has-post-thumbnail","hentry","category-liceo"],"_links":{"self":[{"href":"https:\/\/www.fundacionelpilar.cl\/web\/wp-json\/wp\/v2\/posts\/1795","targetHints":{"allow":["GET"]}}],"collection":[{"href":"https:\/\/www.fundacionelpilar.cl\/web\/wp-json\/wp\/v2\/posts"}],"about":[{"href":"https:\/\/www.fundacionelpilar.cl\/web\/wp-json\/wp\/v2\/types\/post"}],"author":[{"embeddable":true,"href":"https:\/\/www.fundacionelpilar.cl\/web\/wp-json\/wp\/v2\/users\/2"}],"replies":[{"embeddable":true,"href":"https:\/\/www.fundacionelpilar.cl\/web\/wp-json\/wp\/v2\/comments?post=1795"}],"version-history":[{"count":0,"href":"https:\/\/www.fundacionelpilar.cl\/web\/wp-json\/wp\/v2\/posts\/1795\/revisions"}],"wp:featuredmedia":[{"embeddable":true,"href":"https:\/\/www.fundacionelpilar.cl\/web\/wp-json\/"}],"wp:attachment":[{"href":"https:\/\/www.fundacionelpilar.cl\/web\/wp-json\/wp\/v2\/media?parent=1795"}],"wp:term":[{"taxonomy":"category","embeddable":true,"href":"https:\/\/www.fundacionelpilar.cl\/web\/wp-json\/wp\/v2\/categories?post=1795"},{"taxonomy":"post_tag","embeddable":true,"href":"https:\/\/www.fundacionelpilar.cl\/web\/wp-json\/wp\/v2\/tags?post=1795"}],"curies":[{"name":"wp","href":"https:\/\/api.w.org\/{rel}","templated":true}]}}