{"id":15716,"date":"2026-09-03T19:13:34","date_gmt":"2026-09-03T19:13:34","guid":{"rendered":"https:\/\/www.fundacionelpilar.cl\/web\/?p=15716"},"modified":"2026-09-03T19:13:34","modified_gmt":"2026-09-03T19:13:34","slug":"muestra-interdisciplinaria-museo-vivo-chiloe-trades","status":"publish","type":"post","link":"https:\/\/www.fundacionelpilar.cl\/web\/muestra-interdisciplinaria-museo-vivo-chiloe-trades\/","title":{"rendered":"Muestra interdisciplinaria: Museo Vivo Chilo\u00e9 Trades"},"content":{"rendered":"<h6>La jornada de este mi\u00e9rcoles 02 de septiembre se efectu\u00f3 en el Liceo El Pilar la actividad organizada por los Departamentos de Historia e Ingl\u00e9s.<!--more--><\/h6>\n<div class=\"x14z9mp xat24cr x1lziwak x1vvkbs xtlvy1s x126k92a\">\n<h6 dir=\"auto\"><\/h6>\n<div dir=\"auto\">Este mi\u00e9rcoles 02 de septiembre se desarroll\u00f3 en nuestro Liceo Comercial la muestra interdisciplinaria denominada Museo Vivo \u00abChilo\u00e9 Trades\u00bb.<\/div>\n<h6 dir=\"auto\"><\/h6>\n<\/div>\n<div class=\"x14z9mp xat24cr x1lziwak x1vvkbs xtlvy1s x126k92a\">\n<div dir=\"auto\">La iniciativa, organizada por los Departamentos de Historia e Ingl\u00e9s, signific\u00f3 que los estudiantes llegar\u00e1n personificados para representar a diferentes personajes y dar vida a emblem\u00e1ticas escenas que han sucedido en el territorio a trav\u00e9s de los a\u00f1os.<\/div>\n<h6 dir=\"auto\"><\/h6>\n<\/div>\n<div class=\"x14z9mp xat24cr x1lziwak x1vvkbs xtlvy1s x126k92a\">\n<div dir=\"auto\">La actividad naci\u00f3 en el marco de las diversas instancias que El Pilar ha llevado a cabo este a\u00f1o para conmemorar el Bicentenario de Chilo\u00e9.<\/div>\n<h6 dir=\"auto\"><\/h6>\n<\/div>\n<div class=\"x14z9mp xat24cr x1lziwak x1vvkbs xtlvy1s x126k92a\">\n<div dir=\"auto\">De esta manera fue posible que toda la comunidad educativa de educaci\u00f3n media recorriera y disfrutar\u00e1 con los stands que prepararon los alumnos junto a sus docentes.<\/div>\n<h6 dir=\"auto\"><\/h6>\n<\/div>\n<div class=\"x14z9mp xat24cr x1lziwak x1vvkbs xtlvy1s x126k92a\">\n<div dir=\"auto\">Fue una jornada donde todos los asistentes tuvieron la posibilidad de valorar y apreciar el patrimonio hist\u00f3rico de nuestra zona, otorg\u00e1ndonos la posibilidad de conectarnos con nuestra identidad insular.<\/div>\n<h6 dir=\"auto\"><\/h6>\n<div id='gallery-1' class='gallery galleryid-15716 gallery-columns-3 gallery-size-large'><figure class='gallery-item'>\n\t\t\t<div class='gallery-icon landscape'>\n\t\t\t\t<a href='https:\/\/www.fundacionelpilar.cl\/web\/muestra-interdisciplinaria-museo-vivo-chiloe-trades\/dsc_9400\/'><img fetchpriority=\"high\" decoding=\"async\" width=\"800\" height=\"450\" src=\"https:\/\/www.fundacionelpilar.cl\/web\/wp-content\/uploads\/2026\/09\/DSC_9400-1024x576.jpg\" class=\"attachment-large size-large\" alt=\"\" srcset=\"https:\/\/www.fundacionelpilar.cl\/web\/wp-content\/uploads\/2026\/09\/DSC_9400-1024x576.jpg 1024w, https:\/\/www.fundacionelpilar.cl\/web\/wp-content\/uploads\/2026\/09\/DSC_9400-300x169.jpg 300w, https:\/\/www.fundacionelpilar.cl\/web\/wp-content\/uploads\/2026\/09\/DSC_9400-768x432.jpg 768w, https:\/\/www.fundacionelpilar.cl\/web\/wp-content\/uploads\/2026\/09\/DSC_9400-1536x864.jpg 1536w, https:\/\/www.fundacionelpilar.cl\/web\/wp-content\/uploads\/2026\/09\/DSC_9400.jpg 1920w\" sizes=\"(max-width: 800px) 100vw, 800px\" \/><\/a>\n\t\t\t<\/div><\/figure><figure class='gallery-item'>\n\t\t\t<div class='gallery-icon landscape'>\n\t\t\t\t<a href='https:\/\/www.fundacionelpilar.cl\/web\/muestra-interdisciplinaria-museo-vivo-chiloe-trades\/dsc_9408-2\/'><img decoding=\"async\" width=\"800\" height=\"450\" src=\"https:\/\/www.fundacionelpilar.cl\/web\/wp-content\/uploads\/2026\/09\/DSC_9408-1024x576.jpg\" class=\"attachment-large size-large\" alt=\"\" srcset=\"https:\/\/www.fundacionelpilar.cl\/web\/wp-content\/uploads\/2026\/09\/DSC_9408-1024x576.jpg 1024w, https:\/\/www.fundacionelpilar.cl\/web\/wp-content\/uploads\/2026\/09\/DSC_9408-300x169.jpg 300w, https:\/\/www.fundacionelpilar.cl\/web\/wp-content\/uploads\/2026\/09\/DSC_9408-768x432.jpg 768w, https:\/\/www.fundacionelpilar.cl\/web\/wp-content\/uploads\/2026\/09\/DSC_9408-1536x864.jpg 1536w, https:\/\/www.fundacionelpilar.cl\/web\/wp-content\/uploads\/2026\/09\/DSC_9408.jpg 1920w\" sizes=\"(max-width: 800px) 100vw, 800px\" \/><\/a>\n\t\t\t<\/div><\/figure><figure class='gallery-item'>\n\t\t\t<div class='gallery-icon landscape'>\n\t\t\t\t<a href='https:\/\/www.fundacionelpilar.cl\/web\/muestra-interdisciplinaria-museo-vivo-chiloe-trades\/dsc_9428\/'><img decoding=\"async\" width=\"800\" height=\"449\" src=\"https:\/\/www.fundacionelpilar.cl\/web\/wp-content\/uploads\/2026\/09\/DSC_9428-1024x575.jpg\" class=\"attachment-large size-large\" alt=\"\" srcset=\"https:\/\/www.fundacionelpilar.cl\/web\/wp-content\/uploads\/2026\/09\/DSC_9428-1024x575.jpg 1024w, https:\/\/www.fundacionelpilar.cl\/web\/wp-content\/uploads\/2026\/09\/DSC_9428-300x169.jpg 300w, https:\/\/www.fundacionelpilar.cl\/web\/wp-content\/uploads\/2026\/09\/DSC_9428-768x431.jpg 768w, https:\/\/www.fundacionelpilar.cl\/web\/wp-content\/uploads\/2026\/09\/DSC_9428-1536x863.jpg 1536w, https:\/\/www.fundacionelpilar.cl\/web\/wp-content\/uploads\/2026\/09\/DSC_9428-2048x1151.jpg 2048w\" sizes=\"(max-width: 800px) 100vw, 800px\" \/><\/a>\n\t\t\t<\/div><\/figure><figure class='gallery-item'>\n\t\t\t<div class='gallery-icon landscape'>\n\t\t\t\t<a href='https:\/\/www.fundacionelpilar.cl\/web\/muestra-interdisciplinaria-museo-vivo-chiloe-trades\/dsc_9437\/'><img loading=\"lazy\" decoding=\"async\" width=\"800\" height=\"449\" src=\"https:\/\/www.fundacionelpilar.cl\/web\/wp-content\/uploads\/2026\/09\/DSC_9437-1024x575.jpg\" class=\"attachment-large size-large\" alt=\"\" srcset=\"https:\/\/www.fundacionelpilar.cl\/web\/wp-content\/uploads\/2026\/09\/DSC_9437-1024x575.jpg 1024w, https:\/\/www.fundacionelpilar.cl\/web\/wp-content\/uploads\/2026\/09\/DSC_9437-300x169.jpg 300w, https:\/\/www.fundacionelpilar.cl\/web\/wp-content\/uploads\/2026\/09\/DSC_9437-768x431.jpg 768w, https:\/\/www.fundacionelpilar.cl\/web\/wp-content\/uploads\/2026\/09\/DSC_9437-1536x863.jpg 1536w, https:\/\/www.fundacionelpilar.cl\/web\/wp-content\/uploads\/2026\/09\/DSC_9437-2048x1151.jpg 2048w\" sizes=\"(max-width: 800px) 100vw, 800px\" \/><\/a>\n\t\t\t<\/div><\/figure><figure class='gallery-item'>\n\t\t\t<div class='gallery-icon landscape'>\n\t\t\t\t<a href='https:\/\/www.fundacionelpilar.cl\/web\/muestra-interdisciplinaria-museo-vivo-chiloe-trades\/dsc_9488\/'><img loading=\"lazy\" decoding=\"async\" width=\"800\" height=\"449\" src=\"https:\/\/www.fundacionelpilar.cl\/web\/wp-content\/uploads\/2026\/09\/DSC_9488-1024x575.jpg\" class=\"attachment-large size-large\" alt=\"\" srcset=\"https:\/\/www.fundacionelpilar.cl\/web\/wp-content\/uploads\/2026\/09\/DSC_9488-1024x575.jpg 1024w, https:\/\/www.fundacionelpilar.cl\/web\/wp-content\/uploads\/2026\/09\/DSC_9488-300x169.jpg 300w, https:\/\/www.fundacionelpilar.cl\/web\/wp-content\/uploads\/2026\/09\/DSC_9488-768x431.jpg 768w, https:\/\/www.fundacionelpilar.cl\/web\/wp-content\/uploads\/2026\/09\/DSC_9488-1536x863.jpg 1536w, https:\/\/www.fundacionelpilar.cl\/web\/wp-content\/uploads\/2026\/09\/DSC_9488-2048x1151.jpg 2048w\" sizes=\"(max-width: 800px) 100vw, 800px\" \/><\/a>\n\t\t\t<\/div><\/figure><figure class='gallery-item'>\n\t\t\t<div class='gallery-icon landscape'>\n\t\t\t\t<a href='https:\/\/www.fundacionelpilar.cl\/web\/muestra-interdisciplinaria-museo-vivo-chiloe-trades\/dsc_9496-2\/'><img loading=\"lazy\" decoding=\"async\" width=\"800\" height=\"449\" src=\"https:\/\/www.fundacionelpilar.cl\/web\/wp-content\/uploads\/2026\/09\/DSC_9496-1024x575.jpg\" class=\"attachment-large size-large\" alt=\"\" srcset=\"https:\/\/www.fundacionelpilar.cl\/web\/wp-content\/uploads\/2026\/09\/DSC_9496-1024x575.jpg 1024w, https:\/\/www.fundacionelpilar.cl\/web\/wp-content\/uploads\/2026\/09\/DSC_9496-300x169.jpg 300w, https:\/\/www.fundacionelpilar.cl\/web\/wp-content\/uploads\/2026\/09\/DSC_9496-768x431.jpg 768w, https:\/\/www.fundacionelpilar.cl\/web\/wp-content\/uploads\/2026\/09\/DSC_9496-1536x863.jpg 1536w, https:\/\/www.fundacionelpilar.cl\/web\/wp-content\/uploads\/2026\/09\/DSC_9496-2048x1151.jpg 2048w\" sizes=\"(max-width: 800px) 100vw, 800px\" \/><\/a>\n\t\t\t<\/div><\/figure>\n\t\t<\/div>\n\n<\/div>\n<div class=\"x14z9mp xat24cr x1lziwak x1vvkbs xtlvy1s x126k92a\">\n<blockquote>\n<h6 dir=\"auto\"><a href=\"https:\/\/www.facebook.com\/photo\/?fbid=1534931061770024&amp;set=pcb.1534950275101436&amp;__cft__[0]=AZgm1JnUqXcx7VmZRA3z_M6GCa-aFbngEHUspZMM_ZZ4IKoGyZ7Prr2JaUbx8SnMM2Z7f8tSnP7SOEM30nPmHiLS_4OI4870a66GjMRUqh4XqDNbfRQlEgotKp9kKZ6wLlVXYxDgGA0&amp;__tn__=*b3H-R\">Ver m\u00e1s im\u00e1genes<\/a><\/h6>\n<h5 dir=\"auto\" style=\"text-align: center;\">Fundaci\u00f3n El Pilar de Ancud: 73 a\u00f1os formando personas \u00edntegras, comprometidas con el desarrollo de la sociedad, el cuidado de la Vida y de la madre tierra.<\/h5>\n<p>&nbsp;<\/p><\/blockquote>\n<\/div>\n","protected":false},"excerpt":{"rendered":"<p>La jornada de este mi\u00e9rcoles 02 de septiembre se efectu\u00f3 en el Liceo El Pilar la actividad organizada por los Departamentos de Historia e Ingl\u00e9s.<\/p>\n","protected":false},"author":5,"featured_media":15717,"comment_status":"closed","ping_status":"closed","sticky":false,"template":"","format":"standard","meta":{"footnotes":""},"categories":[22],"tags":[],"class_list":["post-15716","post","type-post","status-publish","format-standard","has-post-thumbnail","hentry","category-liceo"],"_links":{"self":[{"href":"https:\/\/www.fundacionelpilar.cl\/web\/wp-json\/wp\/v2\/posts\/15716","targetHints":{"allow":["GET"]}}],"collection":[{"href":"https:\/\/www.fundacionelpilar.cl\/web\/wp-json\/wp\/v2\/posts"}],"about":[{"href":"https:\/\/www.fundacionelpilar.cl\/web\/wp-json\/wp\/v2\/types\/post"}],"author":[{"embeddable":true,"href":"https:\/\/www.fundacionelpilar.cl\/web\/wp-json\/wp\/v2\/users\/5"}],"replies":[{"embeddable":true,"href":"https:\/\/www.fundacionelpilar.cl\/web\/wp-json\/wp\/v2\/comments?post=15716"}],"version-history":[{"count":1,"href":"https:\/\/www.fundacionelpilar.cl\/web\/wp-json\/wp\/v2\/posts\/15716\/revisions"}],"predecessor-version":[{"id":15724,"href":"https:\/\/www.fundacionelpilar.cl\/web\/wp-json\/wp\/v2\/posts\/15716\/revisions\/15724"}],"wp:featuredmedia":[{"embeddable":true,"href":"https:\/\/www.fundacionelpilar.cl\/web\/wp-json\/wp\/v2\/media\/15717"}],"wp:attachment":[{"href":"https:\/\/www.fundacionelpilar.cl\/web\/wp-json\/wp\/v2\/media?parent=15716"}],"wp:term":[{"taxonomy":"category","embeddable":true,"href":"https:\/\/www.fundacionelpilar.cl\/web\/wp-json\/wp\/v2\/categories?post=15716"},{"taxonomy":"post_tag","embeddable":true,"href":"https:\/\/www.fundacionelpilar.cl\/web\/wp-json\/wp\/v2\/tags?post=15716"}],"curies":[{"name":"wp","href":"https:\/\/api.w.org\/{rel}","templated":true}]}}