{"id":15711,"date":"2026-09-03T13:54:11","date_gmt":"2026-09-03T13:54:11","guid":{"rendered":"https:\/\/www.fundacionelpilar.cl\/web\/?p=15711"},"modified":"2026-09-03T13:54:11","modified_gmt":"2026-09-03T13:54:11","slug":"estudiantes-del-colegio-el-pilar-brillaron-en-competencia-nacional-de-danza","status":"publish","type":"post","link":"https:\/\/www.fundacionelpilar.cl\/web\/estudiantes-del-colegio-el-pilar-brillaron-en-competencia-nacional-de-danza\/","title":{"rendered":"Estudiantes del Colegio El Pilar brillaron en competencia nacional de danza"},"content":{"rendered":"<div class=\"x14z9mp xat24cr x1lziwak x1vvkbs xtlvy1s x126k92a\">\n<h6 dir=\"auto\">Alumnas son parte de academia de danza de Ancud que el pasado fin de semana particip\u00f3 en Puc\u00f3n.<\/h6>\n<div dir=\"auto\"><\/div>\n<\/div>\n<p><!--more--><\/p>\n<div class=\"x14z9mp xat24cr x1lziwak x1vvkbs xtlvy1s x126k92a\">\n<h6 dir=\"auto\"><\/h6>\n<div dir=\"auto\">Ni\u00f1as del Colegio El Pilar brillaron en campeonato Feel Dance Chile, competencia nacional de danza que reuni\u00f3 a diversas academias de todo el pa\u00eds y se realiz\u00f3 el pasado fin de semana en la ciudad de Puc\u00f3n.<\/div>\n<h6 dir=\"auto\"><\/h6>\n<\/div>\n<div class=\"x14z9mp xat24cr x1lziwak x1vvkbs xtlvy1s x126k92a\">\n<div dir=\"auto\">Se trata de las estudiantes Emilia D\u00edaz (1ro \u00abA\u00bb), Josefa Barr\u00eda Barrientos, Agustina Mansilla Pastor e Isabella Cruz Zapata, todas del 3ro \u00abA\u00bb, quienes forman parte de la academia de danza contempor\u00e1nea de Ancud \u00abTempo 8\u00bb.<\/div>\n<h6 dir=\"auto\"><\/h6>\n<\/div>\n<div class=\"x14z9mp xat24cr x1lziwak x1vvkbs xtlvy1s x126k92a\">\n<div dir=\"auto\">Fueron dos jornadas donde el talento, la disciplina y la pasi\u00f3n por la danza fueron los grandes protagonistas en el escenario del Enjoy Puc\u00f3n.<\/div>\n<h6 dir=\"auto\"><\/h6>\n<\/div>\n<div class=\"x14z9mp xat24cr x1lziwak x1vvkbs xtlvy1s x126k92a\">\n<div dir=\"auto\">Las peque\u00f1as de Pilar b\u00e1sica lo dieron todo, tuvieron un excelente desempe\u00f1o y dejaron huella, ya que obtuvieron el 1er lugar en las categor\u00edas semillas y junior contempor\u00e1neo, lo que les da un pase directo para continuar participando en otras citas. La pr\u00f3xima meta ahora ser\u00e1 Brasil 2027.<\/div>\n<h6 dir=\"auto\"><\/h6>\n<\/div>\n<div class=\"x14z9mp xat24cr x1lziwak x1vvkbs xtlvy1s x126k92a\">\n<div dir=\"auto\">Muchas felicidades a cada una de nuestras pilarinas y a sus familias que est\u00e1n detr\u00e1s de ellas. Que la piste se llene con todo tu talento. A brillar!!!<\/div>\n<h6 dir=\"auto\"><\/h6>\n<h6 dir=\"auto\"><a href=\"https:\/\/www.fundacionelpilar.cl\/web\/estudiantes-del-colegio-el-pilar-brillaron-en-competencia-nacional-de-danza\/dsc_9311\/\" rel=\"attachment wp-att-15713\"><img fetchpriority=\"high\" decoding=\"async\" class=\"alignnone wp-image-15713 size-large\" src=\"https:\/\/www.fundacionelpilar.cl\/web\/wp-content\/uploads\/2026\/09\/DSC_9311-575x1024.jpg\" alt=\"\" width=\"575\" height=\"1024\" srcset=\"https:\/\/www.fundacionelpilar.cl\/web\/wp-content\/uploads\/2026\/09\/DSC_9311-575x1024.jpg 575w, https:\/\/www.fundacionelpilar.cl\/web\/wp-content\/uploads\/2026\/09\/DSC_9311-169x300.jpg 169w, https:\/\/www.fundacionelpilar.cl\/web\/wp-content\/uploads\/2026\/09\/DSC_9311-768x1367.jpg 768w, https:\/\/www.fundacionelpilar.cl\/web\/wp-content\/uploads\/2026\/09\/DSC_9311-863x1536.jpg 863w, https:\/\/www.fundacionelpilar.cl\/web\/wp-content\/uploads\/2026\/09\/DSC_9311-1151x2048.jpg 1151w, https:\/\/www.fundacionelpilar.cl\/web\/wp-content\/uploads\/2026\/09\/DSC_9311-scaled.jpg 1438w\" sizes=\"(max-width: 575px) 100vw, 575px\" \/><\/a><\/h6>\n<\/div>\n<div class=\"x14z9mp xat24cr x1lziwak x1vvkbs xtlvy1s x126k92a\">\n<blockquote>\n<h5 dir=\"auto\" style=\"text-align: center;\">Fundaci\u00f3n El Pilar de Ancud: 73 a\u00f1os formando personas \u00edntegras, comprometidas con el desarrollo de la sociedad, el cuidado de la Vida y de la madre tierra.<\/h5>\n<\/blockquote>\n<div dir=\"auto\"><\/div>\n<\/div>\n","protected":false},"excerpt":{"rendered":"<p>Alumnas son parte de academia de danza de Ancud que el pasado fin de semana particip\u00f3 en Puc\u00f3n.<\/p>\n","protected":false},"author":5,"featured_media":15712,"comment_status":"closed","ping_status":"closed","sticky":false,"template":"","format":"standard","meta":{"footnotes":""},"categories":[10],"tags":[],"class_list":["post-15711","post","type-post","status-publish","format-standard","has-post-thumbnail","hentry","category-colegio"],"_links":{"self":[{"href":"https:\/\/www.fundacionelpilar.cl\/web\/wp-json\/wp\/v2\/posts\/15711","targetHints":{"allow":["GET"]}}],"collection":[{"href":"https:\/\/www.fundacionelpilar.cl\/web\/wp-json\/wp\/v2\/posts"}],"about":[{"href":"https:\/\/www.fundacionelpilar.cl\/web\/wp-json\/wp\/v2\/types\/post"}],"author":[{"embeddable":true,"href":"https:\/\/www.fundacionelpilar.cl\/web\/wp-json\/wp\/v2\/users\/5"}],"replies":[{"embeddable":true,"href":"https:\/\/www.fundacionelpilar.cl\/web\/wp-json\/wp\/v2\/comments?post=15711"}],"version-history":[{"count":2,"href":"https:\/\/www.fundacionelpilar.cl\/web\/wp-json\/wp\/v2\/posts\/15711\/revisions"}],"predecessor-version":[{"id":15715,"href":"https:\/\/www.fundacionelpilar.cl\/web\/wp-json\/wp\/v2\/posts\/15711\/revisions\/15715"}],"wp:featuredmedia":[{"embeddable":true,"href":"https:\/\/www.fundacionelpilar.cl\/web\/wp-json\/wp\/v2\/media\/15712"}],"wp:attachment":[{"href":"https:\/\/www.fundacionelpilar.cl\/web\/wp-json\/wp\/v2\/media?parent=15711"}],"wp:term":[{"taxonomy":"category","embeddable":true,"href":"https:\/\/www.fundacionelpilar.cl\/web\/wp-json\/wp\/v2\/categories?post=15711"},{"taxonomy":"post_tag","embeddable":true,"href":"https:\/\/www.fundacionelpilar.cl\/web\/wp-json\/wp\/v2\/tags?post=15711"}],"curies":[{"name":"wp","href":"https:\/\/api.w.org\/{rel}","templated":true}]}}