{"id":15705,"date":"2026-09-02T15:26:15","date_gmt":"2026-09-02T15:26:15","guid":{"rendered":"https:\/\/www.fundacionelpilar.cl\/web\/?p=15705"},"modified":"2026-09-02T15:26:15","modified_gmt":"2026-09-02T15:26:15","slug":"profesor-rene-aynol-recibe-reconocimiento-en-acto-provincial-de-la-ensenanza-tp","status":"publish","type":"post","link":"https:\/\/www.fundacionelpilar.cl\/web\/profesor-rene-aynol-recibe-reconocimiento-en-acto-provincial-de-la-ensenanza-tp\/","title":{"rendered":"Profesor Ren\u00e9 Aynol recibe reconocimiento en acto provincial de la ense\u00f1anza TP"},"content":{"rendered":"<h6 dir=\"auto\">En Chonchi se desarroll\u00f3 ceremonia de conmemoraci\u00f3n de los 84 a\u00f1os de la educaci\u00f3n media t\u00e9cnico profesional.<\/h6>\n<p><!--more--><\/p>\n<div dir=\"auto\"><\/div>\n<div dir=\"auto\"><\/div>\n<div dir=\"auto\"><\/div>\n<div class=\"x14z9mp xat24cr x1lziwak x1vvkbs xtlvy1s x126k92a\">\n<div dir=\"auto\">Una delegaci\u00f3n de estudiantes y docentes de nuestro Liceo Comercial El Pilar asisti\u00f3 ayer al acto provincial de conmemoraci\u00f3n de la ense\u00f1anza media t\u00e9cnico profesional, que el pasado 26 de agosto celebr\u00f3 sus 84 a\u00f1os de instauraci\u00f3n.<\/div>\n<h6 dir=\"auto\"><\/h6>\n<\/div>\n<div class=\"x14z9mp xat24cr x1lziwak x1vvkbs xtlvy1s x126k92a\">\n<div dir=\"auto\">La actividad se efectu\u00f3 en dependencias del Liceo Bicentenario Manuel Jes\u00fas Andrade de Chonchi. La instancia fue organizada por la Red de Liceos T\u00e9cnicos Profesionales de la provincia y el Departamento Provincial de Educaci\u00f3n de Chilo\u00e9.<\/div>\n<h6 dir=\"auto\"><\/h6>\n<\/div>\n<div class=\"x14z9mp xat24cr x1lziwak x1vvkbs xtlvy1s x126k92a\">\n<div dir=\"auto\">En la oportunidad, el profesor de nuestro Liceo, Ren\u00e9 Aynol, profesional con 20 a\u00f1os de trayectoria en la educaci\u00f3n y una s\u00f3lida formaci\u00f3n acad\u00e9mica, recibi\u00f3 un especial reconocimiento.<\/div>\n<h6 dir=\"auto\"><\/h6>\n<\/div>\n<div class=\"x14z9mp xat24cr x1lziwak x1vvkbs xtlvy1s x126k92a\">\n<div dir=\"auto\">Desde hace 10 a\u00f1os el profesor Aynol forma parte de nuestra comunidad educativa, desempe\u00f1\u00e1ndose como docente de matem\u00e1ticas y de la especialidad de Programaci\u00f3n. Se caracteriza por ser un profesional dedicado, responsable, ordenado y en permanente perfeccionamiento.<\/div>\n<h6 dir=\"auto\"><\/h6>\n<div dir=\"auto\">Su trayectoria refleja una genuina vocaci\u00f3n por la ense\u00f1anza y una constante disposici\u00f3n a aprender, innovar y fortalecer sus competencias.<\/div>\n<h6 dir=\"auto\"><\/h6>\n<\/div>\n<div class=\"x14z9mp xat24cr x1lziwak x1vvkbs xtlvy1s x126k92a\">\n<div dir=\"auto\">Hoy reconocemos no solo sus 20 a\u00f1os de desarrollo profesional, sino tambi\u00e9n su calidad humana, su compromiso y su valioso aporte al fortalecimiento de la Educaci\u00f3n T\u00e9cnico Profesional.<\/div>\n<h6 dir=\"auto\"><\/h6>\n<\/div>\n<div class=\"x14z9mp xat24cr x1lziwak x1vvkbs xtlvy1s x126k92a\">\n<div dir=\"auto\">\u00a1Muchas felicidades profe Rene!<\/div>\n<div id='gallery-1' class='gallery galleryid-15705 gallery-columns-2 gallery-size-large'><figure class='gallery-item'>\n\t\t\t<div class='gallery-icon portrait'>\n\t\t\t\t<a href='https:\/\/www.fundacionelpilar.cl\/web\/profesor-rene-aynol-recibe-reconocimiento-en-acto-provincial-de-la-ensenanza-tp\/whatsapp-image-2026-09-01-at-12-41-41-pm\/'><img fetchpriority=\"high\" decoding=\"async\" width=\"768\" height=\"1024\" src=\"https:\/\/www.fundacionelpilar.cl\/web\/wp-content\/uploads\/2026\/09\/WhatsApp-Image-2026-09-01-at-12.41.41-PM-768x1024.jpeg\" class=\"attachment-large size-large\" alt=\"\" aria-describedby=\"gallery-1-15707\" srcset=\"https:\/\/www.fundacionelpilar.cl\/web\/wp-content\/uploads\/2026\/09\/WhatsApp-Image-2026-09-01-at-12.41.41-PM-768x1024.jpeg 768w, https:\/\/www.fundacionelpilar.cl\/web\/wp-content\/uploads\/2026\/09\/WhatsApp-Image-2026-09-01-at-12.41.41-PM-225x300.jpeg 225w, https:\/\/www.fundacionelpilar.cl\/web\/wp-content\/uploads\/2026\/09\/WhatsApp-Image-2026-09-01-at-12.41.41-PM.jpeg 960w\" sizes=\"(max-width: 768px) 100vw, 768px\" \/><\/a>\n\t\t\t<\/div>\n\t\t\t\t<figcaption class='wp-caption-text gallery-caption' id='gallery-1-15707'>\n\t\t\t\tProfesor Rene Aynol junto a Katia Ram\u00edrez, jefa UTP TP\n\t\t\t\t<\/figcaption><\/figure><figure class='gallery-item'>\n\t\t\t<div class='gallery-icon landscape'>\n\t\t\t\t<a href='https:\/\/www.fundacionelpilar.cl\/web\/profesor-rene-aynol-recibe-reconocimiento-en-acto-provincial-de-la-ensenanza-tp\/whatsapp-image-2026-09-01-at-12-42-53-pm-1\/'><img decoding=\"async\" width=\"800\" height=\"450\" src=\"https:\/\/www.fundacionelpilar.cl\/web\/wp-content\/uploads\/2026\/09\/WhatsApp-Image-2026-09-01-at-12.42.53-PM-1-1024x576.jpeg\" class=\"attachment-large size-large\" alt=\"\" srcset=\"https:\/\/www.fundacionelpilar.cl\/web\/wp-content\/uploads\/2026\/09\/WhatsApp-Image-2026-09-01-at-12.42.53-PM-1-1024x576.jpeg 1024w, https:\/\/www.fundacionelpilar.cl\/web\/wp-content\/uploads\/2026\/09\/WhatsApp-Image-2026-09-01-at-12.42.53-PM-1-300x169.jpeg 300w, https:\/\/www.fundacionelpilar.cl\/web\/wp-content\/uploads\/2026\/09\/WhatsApp-Image-2026-09-01-at-12.42.53-PM-1-768x432.jpeg 768w, https:\/\/www.fundacionelpilar.cl\/web\/wp-content\/uploads\/2026\/09\/WhatsApp-Image-2026-09-01-at-12.42.53-PM-1.jpeg 1280w\" sizes=\"(max-width: 800px) 100vw, 800px\" \/><\/a>\n\t\t\t<\/div><\/figure>\n\t\t<\/div>\n\n<\/div>\n<div class=\"x14z9mp xat24cr x1lziwak x1vvkbs xtlvy1s x126k92a\">\n<blockquote>\n<h5 dir=\"auto\" style=\"text-align: center;\">Fundaci\u00f3n El Pilar de Ancud: 73 a\u00f1os formando personas \u00edntegras, comprometidas con el desarrollo de la sociedad, el cuidado de la Vida y de la madre tierra.<\/h5>\n<\/blockquote>\n<div dir=\"auto\"><\/div>\n<div dir=\"auto\"><\/div>\n<\/div>\n","protected":false},"excerpt":{"rendered":"<p>En Chonchi se desarroll\u00f3 ceremonia de conmemoraci\u00f3n de los 84 a\u00f1os de la educaci\u00f3n media t\u00e9cnico profesional.<\/p>\n","protected":false},"author":5,"featured_media":15706,"comment_status":"closed","ping_status":"closed","sticky":false,"template":"","format":"standard","meta":{"footnotes":""},"categories":[22],"tags":[],"class_list":["post-15705","post","type-post","status-publish","format-standard","has-post-thumbnail","hentry","category-liceo"],"_links":{"self":[{"href":"https:\/\/www.fundacionelpilar.cl\/web\/wp-json\/wp\/v2\/posts\/15705","targetHints":{"allow":["GET"]}}],"collection":[{"href":"https:\/\/www.fundacionelpilar.cl\/web\/wp-json\/wp\/v2\/posts"}],"about":[{"href":"https:\/\/www.fundacionelpilar.cl\/web\/wp-json\/wp\/v2\/types\/post"}],"author":[{"embeddable":true,"href":"https:\/\/www.fundacionelpilar.cl\/web\/wp-json\/wp\/v2\/users\/5"}],"replies":[{"embeddable":true,"href":"https:\/\/www.fundacionelpilar.cl\/web\/wp-json\/wp\/v2\/comments?post=15705"}],"version-history":[{"count":1,"href":"https:\/\/www.fundacionelpilar.cl\/web\/wp-json\/wp\/v2\/posts\/15705\/revisions"}],"predecessor-version":[{"id":15709,"href":"https:\/\/www.fundacionelpilar.cl\/web\/wp-json\/wp\/v2\/posts\/15705\/revisions\/15709"}],"wp:featuredmedia":[{"embeddable":true,"href":"https:\/\/www.fundacionelpilar.cl\/web\/wp-json\/wp\/v2\/media\/15706"}],"wp:attachment":[{"href":"https:\/\/www.fundacionelpilar.cl\/web\/wp-json\/wp\/v2\/media?parent=15705"}],"wp:term":[{"taxonomy":"category","embeddable":true,"href":"https:\/\/www.fundacionelpilar.cl\/web\/wp-json\/wp\/v2\/categories?post=15705"},{"taxonomy":"post_tag","embeddable":true,"href":"https:\/\/www.fundacionelpilar.cl\/web\/wp-json\/wp\/v2\/tags?post=15705"}],"curies":[{"name":"wp","href":"https:\/\/api.w.org\/{rel}","templated":true}]}}