{"id":15699,"date":"2026-09-01T22:21:19","date_gmt":"2026-09-01T22:21:19","guid":{"rendered":"https:\/\/www.fundacionelpilar.cl\/web\/?p=15699"},"modified":"2026-09-01T22:21:19","modified_gmt":"2026-09-01T22:21:19","slug":"liceo-el-pilar-esta-participando-de-las-iv-olimpiadas-de-quimica","status":"publish","type":"post","link":"https:\/\/www.fundacionelpilar.cl\/web\/liceo-el-pilar-esta-participando-de-las-iv-olimpiadas-de-quimica\/","title":{"rendered":"Liceo El Pilar est\u00e1 participando de las IV Olimpiadas de Qu\u00edmica"},"content":{"rendered":"<div class=\"x14z9mp xat24cr x1lziwak x1vvkbs xtlvy1s x126k92a\">\n<h6 dir=\"auto\">El d\u00eda s\u00e1bado 29 de agosto se efectu\u00f3 la etapa regional de esta importante actividad que organiza el Departamento de Qu\u00edmica de la UMCE.<\/h6>\n<div dir=\"auto\"><\/div>\n<\/div>\n<p><!--more--><\/p>\n<div dir=\"auto\"><\/div>\n<div dir=\"auto\"><\/div>\n<div dir=\"auto\"><\/div>\n<div dir=\"auto\"><\/div>\n<div class=\"x14z9mp xat24cr x1lziwak x1vvkbs xtlvy1s x126k92a\">\n<div dir=\"auto\">El Liceo Comercial El Pilar fue sede en Chilo\u00e9 de la etapa regional de las IV Olimpiadas de Qu\u00edmica 2026, iniciativa organizada por el Departamento de Qu\u00edmica de la Universidad Metropolitana de Ciencias de la Educaci\u00f3n (UMCE), que reuni\u00f3 simult\u00e1neamente a escolares de distintas regiones del pa\u00eds en torno al conocimiento y la educaci\u00f3n cient\u00edfica.<\/div>\n<h6 dir=\"auto\"><\/h6>\n<\/div>\n<div class=\"x14z9mp xat24cr x1lziwak x1vvkbs xtlvy1s x126k92a\">\n<div dir=\"auto\">La instancia se llev\u00f3 a cabo el pasado s\u00e1bado 29 de agosto y en ella se congregaron estudiantes de ense\u00f1anza media pertenecientes a diferentes establecimientos educacionales de la provincia de Chilo\u00e9.<\/div>\n<h6 dir=\"auto\"><\/h6>\n<\/div>\n<div class=\"x14z9mp xat24cr x1lziwak x1vvkbs xtlvy1s x126k92a\">\n<div dir=\"auto\">La etapa que se desarroll\u00f3 en esta ocasi\u00f3n busca encontrar a los alumnos que clasificar\u00e1n a la etapa nacional, la que tendr\u00e1 lugar en el mes de octubre pr\u00f3ximo, mientras que los d\u00edas 25 y 26 se pretende efectuar la gran final.<\/div>\n<h6 dir=\"auto\"><\/h6>\n<\/div>\n<div class=\"x14z9mp xat24cr x1lziwak x1vvkbs xtlvy1s x126k92a\">\n<div dir=\"auto\">La Olimpiada de Qu\u00edmica es un evento cient\u00edfico auspiciado por la Sociedad Chilena de Educaci\u00f3n Cient\u00edfica y que se organiza principalmente con Universidades Estatales del pa\u00eds.<\/div>\n<h6 dir=\"auto\"><\/h6>\n<\/div>\n<div class=\"x14z9mp xat24cr x1lziwak x1vvkbs xtlvy1s x126k92a\">\n<div dir=\"auto\">El objetivo es convertirse en una instancia para acercar la ciencia a las nuevas generaciones, despertar vocaciones cient\u00edficas y mostrar las posibilidades que ofrece la qu\u00edmica para comprender y transformar el mundo.<\/div>\n<h6 dir=\"auto\"><\/h6>\n<div id='gallery-1' class='gallery galleryid-15699 gallery-columns-3 gallery-size-large'><figure class='gallery-item'>\n\t\t\t<div class='gallery-icon landscape'>\n\t\t\t\t<a href='https:\/\/www.fundacionelpilar.cl\/web\/liceo-el-pilar-esta-participando-de-las-iv-olimpiadas-de-quimica\/whatsapp-image-2026-08-29-at-11-36-02-am-1\/'><img fetchpriority=\"high\" decoding=\"async\" width=\"800\" height=\"593\" src=\"https:\/\/www.fundacionelpilar.cl\/web\/wp-content\/uploads\/2026\/09\/WhatsApp-Image-2026-08-29-at-11.36.02-AM-1-1024x759.jpeg\" class=\"attachment-large size-large\" alt=\"\" srcset=\"https:\/\/www.fundacionelpilar.cl\/web\/wp-content\/uploads\/2026\/09\/WhatsApp-Image-2026-08-29-at-11.36.02-AM-1-1024x759.jpeg 1024w, https:\/\/www.fundacionelpilar.cl\/web\/wp-content\/uploads\/2026\/09\/WhatsApp-Image-2026-08-29-at-11.36.02-AM-1-300x222.jpeg 300w, https:\/\/www.fundacionelpilar.cl\/web\/wp-content\/uploads\/2026\/09\/WhatsApp-Image-2026-08-29-at-11.36.02-AM-1-768x569.jpeg 768w, https:\/\/www.fundacionelpilar.cl\/web\/wp-content\/uploads\/2026\/09\/WhatsApp-Image-2026-08-29-at-11.36.02-AM-1-1536x1139.jpeg 1536w, https:\/\/www.fundacionelpilar.cl\/web\/wp-content\/uploads\/2026\/09\/WhatsApp-Image-2026-08-29-at-11.36.02-AM-1.jpeg 1600w\" sizes=\"(max-width: 800px) 100vw, 800px\" \/><\/a>\n\t\t\t<\/div><\/figure><figure class='gallery-item'>\n\t\t\t<div class='gallery-icon portrait'>\n\t\t\t\t<a href='https:\/\/www.fundacionelpilar.cl\/web\/liceo-el-pilar-esta-participando-de-las-iv-olimpiadas-de-quimica\/whatsapp-image-2026-08-29-at-11-36-02-am\/'><img decoding=\"async\" width=\"759\" height=\"1024\" src=\"https:\/\/www.fundacionelpilar.cl\/web\/wp-content\/uploads\/2026\/09\/WhatsApp-Image-2026-08-29-at-11.36.02-AM-759x1024.jpeg\" class=\"attachment-large size-large\" alt=\"\" srcset=\"https:\/\/www.fundacionelpilar.cl\/web\/wp-content\/uploads\/2026\/09\/WhatsApp-Image-2026-08-29-at-11.36.02-AM-759x1024.jpeg 759w, https:\/\/www.fundacionelpilar.cl\/web\/wp-content\/uploads\/2026\/09\/WhatsApp-Image-2026-08-29-at-11.36.02-AM-222x300.jpeg 222w, https:\/\/www.fundacionelpilar.cl\/web\/wp-content\/uploads\/2026\/09\/WhatsApp-Image-2026-08-29-at-11.36.02-AM-768x1036.jpeg 768w, https:\/\/www.fundacionelpilar.cl\/web\/wp-content\/uploads\/2026\/09\/WhatsApp-Image-2026-08-29-at-11.36.02-AM-1139x1536.jpeg 1139w, https:\/\/www.fundacionelpilar.cl\/web\/wp-content\/uploads\/2026\/09\/WhatsApp-Image-2026-08-29-at-11.36.02-AM.jpeg 1186w\" sizes=\"(max-width: 759px) 100vw, 759px\" \/><\/a>\n\t\t\t<\/div><\/figure><figure class='gallery-item'>\n\t\t\t<div class='gallery-icon portrait'>\n\t\t\t\t<a href='https:\/\/www.fundacionelpilar.cl\/web\/liceo-el-pilar-esta-participando-de-las-iv-olimpiadas-de-quimica\/whatsapp-image-2026-08-29-at-11-36-03-am\/'><img decoding=\"async\" width=\"768\" height=\"1024\" src=\"https:\/\/www.fundacionelpilar.cl\/web\/wp-content\/uploads\/2026\/09\/WhatsApp-Image-2026-08-29-at-11.36.03-AM-768x1024.jpeg\" class=\"attachment-large size-large\" alt=\"\" srcset=\"https:\/\/www.fundacionelpilar.cl\/web\/wp-content\/uploads\/2026\/09\/WhatsApp-Image-2026-08-29-at-11.36.03-AM-768x1024.jpeg 768w, https:\/\/www.fundacionelpilar.cl\/web\/wp-content\/uploads\/2026\/09\/WhatsApp-Image-2026-08-29-at-11.36.03-AM-225x300.jpeg 225w, https:\/\/www.fundacionelpilar.cl\/web\/wp-content\/uploads\/2026\/09\/WhatsApp-Image-2026-08-29-at-11.36.03-AM-1152x1536.jpeg 1152w, https:\/\/www.fundacionelpilar.cl\/web\/wp-content\/uploads\/2026\/09\/WhatsApp-Image-2026-08-29-at-11.36.03-AM.jpeg 1200w\" sizes=\"(max-width: 768px) 100vw, 768px\" \/><\/a>\n\t\t\t<\/div><\/figure>\n\t\t<\/div>\n\n<\/div>\n<div class=\"x14z9mp xat24cr x1lziwak x1vvkbs xtlvy1s x126k92a\">\n<blockquote>\n<div dir=\"auto\" style=\"text-align: center;\"><strong>Fundaci\u00f3n El Pilar de Ancud: 73 a\u00f1os formando personas \u00edntegras, comprometidas con el desarrollo de la sociedad, el cuidado de la Vida y de la madre tierra.<\/strong><\/div>\n<\/blockquote>\n<div dir=\"auto\"><\/div>\n<\/div>\n","protected":false},"excerpt":{"rendered":"<p>El d\u00eda s\u00e1bado 29 de agosto se efectu\u00f3 la etapa regional de esta importante actividad que organiza el Departamento de Qu\u00edmica de la UMCE.<\/p>\n","protected":false},"author":5,"featured_media":15700,"comment_status":"closed","ping_status":"closed","sticky":false,"template":"","format":"standard","meta":{"footnotes":""},"categories":[22],"tags":[],"class_list":["post-15699","post","type-post","status-publish","format-standard","has-post-thumbnail","hentry","category-liceo"],"_links":{"self":[{"href":"https:\/\/www.fundacionelpilar.cl\/web\/wp-json\/wp\/v2\/posts\/15699","targetHints":{"allow":["GET"]}}],"collection":[{"href":"https:\/\/www.fundacionelpilar.cl\/web\/wp-json\/wp\/v2\/posts"}],"about":[{"href":"https:\/\/www.fundacionelpilar.cl\/web\/wp-json\/wp\/v2\/types\/post"}],"author":[{"embeddable":true,"href":"https:\/\/www.fundacionelpilar.cl\/web\/wp-json\/wp\/v2\/users\/5"}],"replies":[{"embeddable":true,"href":"https:\/\/www.fundacionelpilar.cl\/web\/wp-json\/wp\/v2\/comments?post=15699"}],"version-history":[{"count":1,"href":"https:\/\/www.fundacionelpilar.cl\/web\/wp-json\/wp\/v2\/posts\/15699\/revisions"}],"predecessor-version":[{"id":15704,"href":"https:\/\/www.fundacionelpilar.cl\/web\/wp-json\/wp\/v2\/posts\/15699\/revisions\/15704"}],"wp:featuredmedia":[{"embeddable":true,"href":"https:\/\/www.fundacionelpilar.cl\/web\/wp-json\/wp\/v2\/media\/15700"}],"wp:attachment":[{"href":"https:\/\/www.fundacionelpilar.cl\/web\/wp-json\/wp\/v2\/media?parent=15699"}],"wp:term":[{"taxonomy":"category","embeddable":true,"href":"https:\/\/www.fundacionelpilar.cl\/web\/wp-json\/wp\/v2\/categories?post=15699"},{"taxonomy":"post_tag","embeddable":true,"href":"https:\/\/www.fundacionelpilar.cl\/web\/wp-json\/wp\/v2\/tags?post=15699"}],"curies":[{"name":"wp","href":"https:\/\/api.w.org\/{rel}","templated":true}]}}