{"id":15694,"date":"2026-09-01T15:25:41","date_gmt":"2026-09-01T15:25:41","guid":{"rendered":"https:\/\/www.fundacionelpilar.cl\/web\/?p=15694"},"modified":"2026-09-01T15:25:41","modified_gmt":"2026-09-01T15:25:41","slug":"estudiantes-participan-en-taller-donde-transformaron-cuchillo-utilizando-un-residuo-industrial","status":"publish","type":"post","link":"https:\/\/www.fundacionelpilar.cl\/web\/estudiantes-participan-en-taller-donde-transformaron-cuchillo-utilizando-un-residuo-industrial\/","title":{"rendered":"Estudiantes participan en taller donde transformaron cuchillo utilizando un residuo industrial"},"content":{"rendered":"<div class=\"x14z9mp xat24cr x1lziwak x1vvkbs xtlvy1s x126k92a\">\n<h6 dir=\"auto\">Alumnos de la especialidad de Gastronom\u00eda fueron invitados a actividad realizada en Caulin.<\/h6>\n<div dir=\"auto\"><\/div>\n<\/div>\n<p><!--more--><\/p>\n<h6 dir=\"auto\"><\/h6>\n<div class=\"x14z9mp xat24cr x1lziwak x1vvkbs xtlvy1s x126k92a\">\n<div dir=\"auto\">Un ex alumno y un actual estudiante de 4to medio de la especialidad Gastronom\u00eda de nuestro Liceo Comercial El Pilar, participaron el reciente fin de semana en el taller denominado \u201cMi Primer Cuchillo\u201d L\u00ednea Verde.<\/div>\n<h6 dir=\"auto\"><\/h6>\n<\/div>\n<div class=\"x14z9mp xat24cr x1lziwak x1vvkbs xtlvy1s x126k92a\">\n<div dir=\"auto\">La novedosa iniciativa busca transformar un residuo industrial en un producto \u00fanico de colecci\u00f3n, conectando trabajo, conocimiento y sustentabilidad.<\/div>\n<h6 dir=\"auto\"><\/h6>\n<\/div>\n<div class=\"x14z9mp xat24cr x1lziwak x1vvkbs xtlvy1s x126k92a\">\n<div dir=\"auto\">La actividad se llev\u00f3 a cabo en dependencias de Casatur, ubicado en la localidad rural de Caul\u00edn y en ella estuvieron presentes integrantes del Comit\u00e9 Baleriano de Punta Pugue\u00f1un &#8211; Caulin y los estudiantes de Gastronom\u00eda de nuestro Liceo: Alexander Villalobos, quien se titul\u00f3 la semana pasada y Nicol\u00e1s Soto, quien cursa 4to medio.<\/div>\n<h6 dir=\"auto\"><\/h6>\n<\/div>\n<div class=\"x14z9mp xat24cr x1lziwak x1vvkbs xtlvy1s x126k92a\">\n<div dir=\"auto\">En la ocasi\u00f3n, los participantes trabajaron junto a Jos\u00e9 Sep\u00falveda y el equipo de Cuchillos Ind\u00f3mito, Loreto y Nicol\u00e1s, quienes guiaron el proceso de transformaci\u00f3n de hojas de cuchillos de la L\u00ednea Fish And Meats de Tramontina, utilizadas a diario en plantas de proceso de salm\u00f3n y que hab\u00edan pasado a ser residuo industrial. Estas hojas, fabricadas en acero alem\u00e1n Nitro B, tras cumplir su primera vida \u00fatil en planta, recibieron una segunda oportunidad gracias a la econom\u00eda circular.<\/div>\n<h6 dir=\"auto\"><\/h6>\n<\/div>\n<div class=\"x14z9mp xat24cr x1lziwak x1vvkbs xtlvy1s x126k92a\">\n<div dir=\"auto\">Cabe destacar que la iniciativa fue posible gracias al trabajo colaborativo entre la empresa privada, la comunidad organizada y OTEC FormAustral.<\/div>\n<h6 dir=\"auto\"><\/h6>\n<\/div>\n<div class=\"x14z9mp xat24cr x1lziwak x1vvkbs xtlvy1s x126k92a\">\n<div dir=\"auto\">Como Liceo El Pilar queremos agradecer la invitaci\u00f3n que nos hicieron llegar, para que estudiantes que est\u00e1n en pleno proceso formativo puedan ser parte de este tipo de iniciativas, donde no solo adquieren conocimientos sino que tambi\u00e9n reciben ejemplos de c\u00f3mo poder darle una nueva oportunidad a un producto que ya hab\u00eda sido descartado.<\/div>\n<h6 dir=\"auto\"><\/h6>\n<div id='gallery-1' class='gallery galleryid-15694 gallery-columns-2 gallery-size-large'><figure class='gallery-item'>\n\t\t\t<div class='gallery-icon portrait'>\n\t\t\t\t<a href='https:\/\/www.fundacionelpilar.cl\/web\/estudiantes-participan-en-taller-donde-transformaron-cuchillo-utilizando-un-residuo-industrial\/whatsapp-image-2026-08-30-at-11-34-58-am\/'><img fetchpriority=\"high\" decoding=\"async\" width=\"576\" height=\"1024\" src=\"https:\/\/www.fundacionelpilar.cl\/web\/wp-content\/uploads\/2026\/09\/WhatsApp-Image-2026-08-30-at-11.34.58-AM-576x1024.jpeg\" class=\"attachment-large size-large\" alt=\"\" aria-describedby=\"gallery-1-15696\" srcset=\"https:\/\/www.fundacionelpilar.cl\/web\/wp-content\/uploads\/2026\/09\/WhatsApp-Image-2026-08-30-at-11.34.58-AM-576x1024.jpeg 576w, https:\/\/www.fundacionelpilar.cl\/web\/wp-content\/uploads\/2026\/09\/WhatsApp-Image-2026-08-30-at-11.34.58-AM-169x300.jpeg 169w, https:\/\/www.fundacionelpilar.cl\/web\/wp-content\/uploads\/2026\/09\/WhatsApp-Image-2026-08-30-at-11.34.58-AM.jpeg 720w\" sizes=\"(max-width: 576px) 100vw, 576px\" \/><\/a>\n\t\t\t<\/div>\n\t\t\t\t<figcaption class='wp-caption-text gallery-caption' id='gallery-1-15696'>\n\t\t\t\tNicolas junto a Alexander\n\t\t\t\t<\/figcaption><\/figure><figure class='gallery-item'>\n\t\t\t<div class='gallery-icon portrait'>\n\t\t\t\t<a href='https:\/\/www.fundacionelpilar.cl\/web\/estudiantes-participan-en-taller-donde-transformaron-cuchillo-utilizando-un-residuo-industrial\/whatsapp-image-2026-08-30-at-11-34-59-am-1\/'><img decoding=\"async\" width=\"768\" height=\"1024\" src=\"https:\/\/www.fundacionelpilar.cl\/web\/wp-content\/uploads\/2026\/09\/WhatsApp-Image-2026-08-30-at-11.34.59-AM-1-768x1024.jpeg\" class=\"attachment-large size-large\" alt=\"\" aria-describedby=\"gallery-1-15697\" srcset=\"https:\/\/www.fundacionelpilar.cl\/web\/wp-content\/uploads\/2026\/09\/WhatsApp-Image-2026-08-30-at-11.34.59-AM-1-768x1024.jpeg 768w, https:\/\/www.fundacionelpilar.cl\/web\/wp-content\/uploads\/2026\/09\/WhatsApp-Image-2026-08-30-at-11.34.59-AM-1-225x300.jpeg 225w, https:\/\/www.fundacionelpilar.cl\/web\/wp-content\/uploads\/2026\/09\/WhatsApp-Image-2026-08-30-at-11.34.59-AM-1.jpeg 960w\" sizes=\"(max-width: 768px) 100vw, 768px\" \/><\/a>\n\t\t\t<\/div>\n\t\t\t\t<figcaption class='wp-caption-text gallery-caption' id='gallery-1-15697'>\n\t\t\t\tNicol\u00e1s Soto cursa 4to medio de Gastronom\u00eda\n\t\t\t\t<\/figcaption><\/figure>\n\t\t<\/div>\n\n<div dir=\"auto\"><\/div>\n<\/div>\n<div class=\"x14z9mp xat24cr x1lziwak x1vvkbs xtlvy1s x126k92a\">\n<blockquote>\n<h5 dir=\"auto\" style=\"text-align: center;\"><strong>Fundaci\u00f3n El Pilar de Ancud: 73 a\u00f1os formando personas \u00edntegras, comprometidas con el desarrollo de la sociedad, el cuidado de la Vida y de la madre tierra.<\/strong><\/h5>\n<\/blockquote>\n<\/div>\n<h6 dir=\"auto\"><\/h6>\n","protected":false},"excerpt":{"rendered":"<p>Alumnos de la especialidad de Gastronom\u00eda fueron invitados a actividad realizada en Caulin.<\/p>\n","protected":false},"author":5,"featured_media":15695,"comment_status":"closed","ping_status":"closed","sticky":false,"template":"","format":"standard","meta":{"footnotes":""},"categories":[22],"tags":[],"class_list":["post-15694","post","type-post","status-publish","format-standard","has-post-thumbnail","hentry","category-liceo"],"_links":{"self":[{"href":"https:\/\/www.fundacionelpilar.cl\/web\/wp-json\/wp\/v2\/posts\/15694","targetHints":{"allow":["GET"]}}],"collection":[{"href":"https:\/\/www.fundacionelpilar.cl\/web\/wp-json\/wp\/v2\/posts"}],"about":[{"href":"https:\/\/www.fundacionelpilar.cl\/web\/wp-json\/wp\/v2\/types\/post"}],"author":[{"embeddable":true,"href":"https:\/\/www.fundacionelpilar.cl\/web\/wp-json\/wp\/v2\/users\/5"}],"replies":[{"embeddable":true,"href":"https:\/\/www.fundacionelpilar.cl\/web\/wp-json\/wp\/v2\/comments?post=15694"}],"version-history":[{"count":1,"href":"https:\/\/www.fundacionelpilar.cl\/web\/wp-json\/wp\/v2\/posts\/15694\/revisions"}],"predecessor-version":[{"id":15698,"href":"https:\/\/www.fundacionelpilar.cl\/web\/wp-json\/wp\/v2\/posts\/15694\/revisions\/15698"}],"wp:featuredmedia":[{"embeddable":true,"href":"https:\/\/www.fundacionelpilar.cl\/web\/wp-json\/wp\/v2\/media\/15695"}],"wp:attachment":[{"href":"https:\/\/www.fundacionelpilar.cl\/web\/wp-json\/wp\/v2\/media?parent=15694"}],"wp:term":[{"taxonomy":"category","embeddable":true,"href":"https:\/\/www.fundacionelpilar.cl\/web\/wp-json\/wp\/v2\/categories?post=15694"},{"taxonomy":"post_tag","embeddable":true,"href":"https:\/\/www.fundacionelpilar.cl\/web\/wp-json\/wp\/v2\/tags?post=15694"}],"curies":[{"name":"wp","href":"https:\/\/api.w.org\/{rel}","templated":true}]}}