{"id":15679,"date":"2026-09-01T12:47:43","date_gmt":"2026-09-01T12:47:43","guid":{"rendered":"https:\/\/www.fundacionelpilar.cl\/web\/?p=15679"},"modified":"2026-09-01T12:47:43","modified_gmt":"2026-09-01T12:47:43","slug":"banda-instrumental-del-colegio-el-pilar-se-presento-en-encuentro-de-bandas-escolares-en-ancud","status":"publish","type":"post","link":"https:\/\/www.fundacionelpilar.cl\/web\/banda-instrumental-del-colegio-el-pilar-se-presento-en-encuentro-de-bandas-escolares-en-ancud\/","title":{"rendered":"Banda Instrumental del Colegio El Pilar se present\u00f3 en encuentro de bandas escolares en Ancud"},"content":{"rendered":"<div class=\"x14z9mp xat24cr x1lziwak x1vvkbs xtlvy1s x126k92a\">\n<h6 dir=\"auto\">12 diferentes agrupaciones formaron parte de actividad organizada por el municipio local y la Corporaci\u00f3n Cultural.<\/h6>\n<div dir=\"auto\"><\/div>\n<\/div>\n<p><!--more--><\/p>\n<div dir=\"auto\"><\/div>\n<div class=\"x14z9mp xat24cr x1lziwak x1vvkbs xtlvy1s x126k92a\">\n<h6 dir=\"auto\"><\/h6>\n<div dir=\"auto\">Una destacada e impecable presentaci\u00f3n tuvieron las ni\u00f1as y ni\u00f1os del Colegio El Pilar que forman parte de la Banda Instrumental del Colegio El Pilar, quienes el pasado viernes 28 de agosto, en horas de la tarde, fueron los encargados de abrir el Encuentro de Bandas Escolares 2026.<\/div>\n<div dir=\"auto\"><\/div>\n<\/div>\n<div class=\"x14z9mp xat24cr x1lziwak x1vvkbs xtlvy1s x126k92a\">\n<div dir=\"auto\">La actividad se desarroll\u00f3 en el teatro municipal de la ciudad y era organizada por Oficina de la Juventud y Deportes de la Ilustre Municipalidad de Ancud, en conjunto con la Corporaci\u00f3n Cultural.<\/div>\n<h6 dir=\"auto\"><\/h6>\n<\/div>\n<div class=\"x14z9mp xat24cr x1lziwak x1vvkbs xtlvy1s x126k92a\">\n<div dir=\"auto\">Fue una hermosa jornada que cont\u00f3 con la participaci\u00f3n de 12 diferentes agrupaciones musicales, transform\u00e1ndose as\u00ed en un momento para disfrutar plenamente con el talento, la m\u00fasica y sobre todo la puesta en escena que nos ofrecieron los ni\u00f1os y j\u00f3venes, quienes se convirtieron en los grandes protagonistas.<\/div>\n<h6 dir=\"auto\"><\/h6>\n<\/div>\n<div class=\"x14z9mp xat24cr x1lziwak x1vvkbs xtlvy1s x126k92a\">\n<div dir=\"auto\">Desde ya queremos felicitar a la Banda Instrumental de nuestro Colegio, quienes se lucieron con su repertorio, dirigido por los profesores M\u00e1ximo Le\u00f3n y Luis Schulbach.<\/div>\n<h6 dir=\"auto\"><\/h6>\n<\/div>\n<div class=\"x14z9mp xat24cr x1lziwak x1vvkbs xtlvy1s x126k92a\">\n<div dir=\"auto\">Al finalizar su intervenci\u00f3n, el director de la banda, docente M\u00e1ximo Le\u00f3n, recibi\u00f3 de manos del alcalde de Ancud, Andr\u00e9s Ojeda, un reconocimiento por haberse sumado a esta instancia de encuentro musical.<\/div>\n<h6 dir=\"auto\"><\/h6>\n<\/div>\n<div class=\"x14z9mp xat24cr x1lziwak x1vvkbs xtlvy1s x126k92a\">\n<div dir=\"auto\">\u00a1Felicitaciones para todas y todos!<\/div>\n<h6 dir=\"auto\"><\/h6>\n<div id='gallery-1' class='gallery galleryid-15679 gallery-columns-3 gallery-size-large'><figure class='gallery-item'>\n\t\t\t<div class='gallery-icon landscape'>\n\t\t\t\t<a href='https:\/\/www.fundacionelpilar.cl\/web\/banda-instrumental-del-colegio-el-pilar-se-presento-en-encuentro-de-bandas-escolares-en-ancud\/dsc_9110-2\/'><img fetchpriority=\"high\" decoding=\"async\" width=\"800\" height=\"449\" src=\"https:\/\/www.fundacionelpilar.cl\/web\/wp-content\/uploads\/2026\/09\/DSC_9110-1024x575.jpg\" class=\"attachment-large size-large\" alt=\"\" srcset=\"https:\/\/www.fundacionelpilar.cl\/web\/wp-content\/uploads\/2026\/09\/DSC_9110-1024x575.jpg 1024w, https:\/\/www.fundacionelpilar.cl\/web\/wp-content\/uploads\/2026\/09\/DSC_9110-300x169.jpg 300w, https:\/\/www.fundacionelpilar.cl\/web\/wp-content\/uploads\/2026\/09\/DSC_9110-768x432.jpg 768w, https:\/\/www.fundacionelpilar.cl\/web\/wp-content\/uploads\/2026\/09\/DSC_9110-1536x863.jpg 1536w, https:\/\/www.fundacionelpilar.cl\/web\/wp-content\/uploads\/2026\/09\/DSC_9110.jpg 2000w\" sizes=\"(max-width: 800px) 100vw, 800px\" \/><\/a>\n\t\t\t<\/div><\/figure><figure class='gallery-item'>\n\t\t\t<div class='gallery-icon landscape'>\n\t\t\t\t<a href='https:\/\/www.fundacionelpilar.cl\/web\/banda-instrumental-del-colegio-el-pilar-se-presento-en-encuentro-de-bandas-escolares-en-ancud\/dsc_9120\/'><img decoding=\"async\" width=\"800\" height=\"449\" src=\"https:\/\/www.fundacionelpilar.cl\/web\/wp-content\/uploads\/2026\/09\/DSC_9120-1024x575.jpg\" class=\"attachment-large size-large\" alt=\"\" srcset=\"https:\/\/www.fundacionelpilar.cl\/web\/wp-content\/uploads\/2026\/09\/DSC_9120-1024x575.jpg 1024w, https:\/\/www.fundacionelpilar.cl\/web\/wp-content\/uploads\/2026\/09\/DSC_9120-300x169.jpg 300w, https:\/\/www.fundacionelpilar.cl\/web\/wp-content\/uploads\/2026\/09\/DSC_9120-768x432.jpg 768w, https:\/\/www.fundacionelpilar.cl\/web\/wp-content\/uploads\/2026\/09\/DSC_9120-1536x863.jpg 1536w, https:\/\/www.fundacionelpilar.cl\/web\/wp-content\/uploads\/2026\/09\/DSC_9120.jpg 2000w\" sizes=\"(max-width: 800px) 100vw, 800px\" \/><\/a>\n\t\t\t<\/div><\/figure><figure class='gallery-item'>\n\t\t\t<div class='gallery-icon landscape'>\n\t\t\t\t<a href='https:\/\/www.fundacionelpilar.cl\/web\/banda-instrumental-del-colegio-el-pilar-se-presento-en-encuentro-de-bandas-escolares-en-ancud\/dsc_9122\/'><img decoding=\"async\" width=\"800\" height=\"449\" src=\"https:\/\/www.fundacionelpilar.cl\/web\/wp-content\/uploads\/2026\/09\/DSC_9122-1024x575.jpg\" class=\"attachment-large size-large\" alt=\"\" srcset=\"https:\/\/www.fundacionelpilar.cl\/web\/wp-content\/uploads\/2026\/09\/DSC_9122-1024x575.jpg 1024w, https:\/\/www.fundacionelpilar.cl\/web\/wp-content\/uploads\/2026\/09\/DSC_9122-300x169.jpg 300w, https:\/\/www.fundacionelpilar.cl\/web\/wp-content\/uploads\/2026\/09\/DSC_9122-768x432.jpg 768w, https:\/\/www.fundacionelpilar.cl\/web\/wp-content\/uploads\/2026\/09\/DSC_9122-1536x863.jpg 1536w, https:\/\/www.fundacionelpilar.cl\/web\/wp-content\/uploads\/2026\/09\/DSC_9122.jpg 2000w\" sizes=\"(max-width: 800px) 100vw, 800px\" \/><\/a>\n\t\t\t<\/div><\/figure><figure class='gallery-item'>\n\t\t\t<div class='gallery-icon landscape'>\n\t\t\t\t<a href='https:\/\/www.fundacionelpilar.cl\/web\/banda-instrumental-del-colegio-el-pilar-se-presento-en-encuentro-de-bandas-escolares-en-ancud\/dsc_9133-2\/'><img loading=\"lazy\" decoding=\"async\" width=\"800\" height=\"449\" src=\"https:\/\/www.fundacionelpilar.cl\/web\/wp-content\/uploads\/2026\/09\/DSC_9133-1024x575.jpg\" class=\"attachment-large size-large\" alt=\"\" srcset=\"https:\/\/www.fundacionelpilar.cl\/web\/wp-content\/uploads\/2026\/09\/DSC_9133-1024x575.jpg 1024w, https:\/\/www.fundacionelpilar.cl\/web\/wp-content\/uploads\/2026\/09\/DSC_9133-300x169.jpg 300w, https:\/\/www.fundacionelpilar.cl\/web\/wp-content\/uploads\/2026\/09\/DSC_9133-768x432.jpg 768w, https:\/\/www.fundacionelpilar.cl\/web\/wp-content\/uploads\/2026\/09\/DSC_9133-1536x863.jpg 1536w, https:\/\/www.fundacionelpilar.cl\/web\/wp-content\/uploads\/2026\/09\/DSC_9133.jpg 2000w\" sizes=\"(max-width: 800px) 100vw, 800px\" \/><\/a>\n\t\t\t<\/div><\/figure><figure class='gallery-item'>\n\t\t\t<div class='gallery-icon landscape'>\n\t\t\t\t<a href='https:\/\/www.fundacionelpilar.cl\/web\/banda-instrumental-del-colegio-el-pilar-se-presento-en-encuentro-de-bandas-escolares-en-ancud\/dsc_9140\/'><img loading=\"lazy\" decoding=\"async\" width=\"800\" height=\"449\" src=\"https:\/\/www.fundacionelpilar.cl\/web\/wp-content\/uploads\/2026\/09\/DSC_9140-1024x575.jpg\" class=\"attachment-large size-large\" alt=\"\" srcset=\"https:\/\/www.fundacionelpilar.cl\/web\/wp-content\/uploads\/2026\/09\/DSC_9140-1024x575.jpg 1024w, https:\/\/www.fundacionelpilar.cl\/web\/wp-content\/uploads\/2026\/09\/DSC_9140-300x169.jpg 300w, https:\/\/www.fundacionelpilar.cl\/web\/wp-content\/uploads\/2026\/09\/DSC_9140-768x432.jpg 768w, https:\/\/www.fundacionelpilar.cl\/web\/wp-content\/uploads\/2026\/09\/DSC_9140-1536x863.jpg 1536w, https:\/\/www.fundacionelpilar.cl\/web\/wp-content\/uploads\/2026\/09\/DSC_9140.jpg 2000w\" sizes=\"(max-width: 800px) 100vw, 800px\" \/><\/a>\n\t\t\t<\/div><\/figure><figure class='gallery-item'>\n\t\t\t<div class='gallery-icon landscape'>\n\t\t\t\t<a href='https:\/\/www.fundacionelpilar.cl\/web\/banda-instrumental-del-colegio-el-pilar-se-presento-en-encuentro-de-bandas-escolares-en-ancud\/dsc_9142\/'><img loading=\"lazy\" decoding=\"async\" width=\"800\" height=\"449\" src=\"https:\/\/www.fundacionelpilar.cl\/web\/wp-content\/uploads\/2026\/09\/DSC_9142-1024x575.jpg\" class=\"attachment-large size-large\" alt=\"\" srcset=\"https:\/\/www.fundacionelpilar.cl\/web\/wp-content\/uploads\/2026\/09\/DSC_9142-1024x575.jpg 1024w, https:\/\/www.fundacionelpilar.cl\/web\/wp-content\/uploads\/2026\/09\/DSC_9142-300x169.jpg 300w, https:\/\/www.fundacionelpilar.cl\/web\/wp-content\/uploads\/2026\/09\/DSC_9142-768x432.jpg 768w, https:\/\/www.fundacionelpilar.cl\/web\/wp-content\/uploads\/2026\/09\/DSC_9142-1536x863.jpg 1536w, https:\/\/www.fundacionelpilar.cl\/web\/wp-content\/uploads\/2026\/09\/DSC_9142.jpg 2000w\" sizes=\"(max-width: 800px) 100vw, 800px\" \/><\/a>\n\t\t\t<\/div><\/figure>\n\t\t<\/div>\n\n<\/div>\n<div class=\"x14z9mp xat24cr x1lziwak x1vvkbs xtlvy1s x126k92a\">\n<blockquote>\n<div dir=\"auto\" style=\"text-align: center;\"><strong>Fundaci\u00f3n El Pilar de Ancud: 73 a\u00f1os formando personas \u00edntegras, comprometidas con el desarrollo de la sociedad, el cuidado de la Vida y de la madre tierra.<\/strong><\/div>\n<\/blockquote>\n<div dir=\"auto\"><\/div>\n<\/div>\n","protected":false},"excerpt":{"rendered":"<p>12 diferentes agrupaciones formaron parte de actividad organizada por el municipio local y la Corporaci\u00f3n Cultural.<\/p>\n","protected":false},"author":5,"featured_media":15680,"comment_status":"closed","ping_status":"closed","sticky":false,"template":"","format":"standard","meta":{"footnotes":""},"categories":[10],"tags":[],"class_list":["post-15679","post","type-post","status-publish","format-standard","has-post-thumbnail","hentry","category-colegio"],"_links":{"self":[{"href":"https:\/\/www.fundacionelpilar.cl\/web\/wp-json\/wp\/v2\/posts\/15679","targetHints":{"allow":["GET"]}}],"collection":[{"href":"https:\/\/www.fundacionelpilar.cl\/web\/wp-json\/wp\/v2\/posts"}],"about":[{"href":"https:\/\/www.fundacionelpilar.cl\/web\/wp-json\/wp\/v2\/types\/post"}],"author":[{"embeddable":true,"href":"https:\/\/www.fundacionelpilar.cl\/web\/wp-json\/wp\/v2\/users\/5"}],"replies":[{"embeddable":true,"href":"https:\/\/www.fundacionelpilar.cl\/web\/wp-json\/wp\/v2\/comments?post=15679"}],"version-history":[{"count":1,"href":"https:\/\/www.fundacionelpilar.cl\/web\/wp-json\/wp\/v2\/posts\/15679\/revisions"}],"predecessor-version":[{"id":15687,"href":"https:\/\/www.fundacionelpilar.cl\/web\/wp-json\/wp\/v2\/posts\/15679\/revisions\/15687"}],"wp:featuredmedia":[{"embeddable":true,"href":"https:\/\/www.fundacionelpilar.cl\/web\/wp-json\/wp\/v2\/media\/15680"}],"wp:attachment":[{"href":"https:\/\/www.fundacionelpilar.cl\/web\/wp-json\/wp\/v2\/media?parent=15679"}],"wp:term":[{"taxonomy":"category","embeddable":true,"href":"https:\/\/www.fundacionelpilar.cl\/web\/wp-json\/wp\/v2\/categories?post=15679"},{"taxonomy":"post_tag","embeddable":true,"href":"https:\/\/www.fundacionelpilar.cl\/web\/wp-json\/wp\/v2\/tags?post=15679"}],"curies":[{"name":"wp","href":"https:\/\/api.w.org\/{rel}","templated":true}]}}