{"id":15674,"date":"2026-09-01T12:39:45","date_gmt":"2026-09-01T12:39:45","guid":{"rendered":"https:\/\/www.fundacionelpilar.cl\/web\/?p=15674"},"modified":"2026-09-01T12:39:45","modified_gmt":"2026-09-01T12:39:45","slug":"estudiante-del-liceo-el-pilar-bailo-en-partido-clasificatorio-de-la-roja-del-basket","status":"publish","type":"post","link":"https:\/\/www.fundacionelpilar.cl\/web\/estudiante-del-liceo-el-pilar-bailo-en-partido-clasificatorio-de-la-roja-del-basket\/","title":{"rendered":"Estudiante del Liceo El Pilar bail\u00f3 en partido clasificatorio de la Roja del Basket"},"content":{"rendered":"<div class=\"x14z9mp xat24cr x1lziwak x1vvkbs xtlvy1s x126k92a\">\n<h6 dir=\"auto\">Alumna de tercero medio viaj\u00f3 hasta Santiago ya que es parte de Aba Dance.<\/h6>\n<div dir=\"auto\"><\/div>\n<\/div>\n<p><!--more--><\/p>\n<div dir=\"auto\"><\/div>\n<div class=\"x14z9mp xat24cr x1lziwak x1vvkbs xtlvy1s x126k92a\">\n<h6 dir=\"auto\"><\/h6>\n<div dir=\"auto\">En Santiago estuvo recientemente la estudiante de nuestro Liceo Comercial El Pilar, Florencia Almonacid Garc\u00eda (3\u00b0 A HC), quien forma parte de Aba Dance.<\/div>\n<h6 dir=\"auto\"><\/h6>\n<\/div>\n<div class=\"x14z9mp xat24cr x1lziwak x1vvkbs xtlvy1s x126k92a\">\n<div dir=\"auto\">Aba Dance es el quipo de baile de ABA Ancud y es parte de Chile Dance en la Roja del Basket. Por eso las chicas que forman esta agrupaci\u00f3n viajaron hasta la regi\u00f3n Metropolitana para estar en el partido clasificatorio que tuvo la Roja frente a Estados Unidos.<\/div>\n<h6 dir=\"auto\"><\/h6>\n<\/div>\n<div class=\"x14z9mp xat24cr x1lziwak x1vvkbs xtlvy1s x126k92a\">\n<div dir=\"auto\">La cita fue disputada el pasado jueves 27 de agosto en el Centro de Deportes Colectivos del Estadio Nacional y marcaba el inicio de la segunda ronda del Clasificatorio Mundial.<\/div>\n<h6 dir=\"auto\"><\/h6>\n<\/div>\n<div class=\"x14z9mp xat24cr x1lziwak x1vvkbs xtlvy1s x126k92a\">\n<div dir=\"auto\">Si bien el marcador no fue favorable para la Roja, que cay\u00f3 por 89-71 ante Estados Unidos, si se convirti\u00f3 en una muy linda experiencia para Florencia y todas sus compa\u00f1eras, quienes brillaron con cada coreograf\u00eda que presentaron, dejando muy bien puesto el nombre de Ancud.<\/div>\n<h6 dir=\"auto\"><\/h6>\n<\/div>\n<div class=\"x14z9mp xat24cr x1lziwak x1vvkbs xtlvy1s x126k92a\">\n<div dir=\"auto\">A seguir d\u00e1ndolo todo&#8230;<\/div>\n<\/div>\n<div dir=\"auto\"><\/div>\n<div dir=\"auto\"><a href=\"https:\/\/www.fundacionelpilar.cl\/web\/estudiante-del-liceo-el-pilar-bailo-en-partido-clasificatorio-de-la-roja-del-basket\/whatsapp-image-2026-08-28-at-11-29-38-am\/\" rel=\"attachment wp-att-15676\"><img fetchpriority=\"high\" decoding=\"async\" class=\"alignnone wp-image-15676 size-large\" src=\"https:\/\/www.fundacionelpilar.cl\/web\/wp-content\/uploads\/2026\/09\/WhatsApp-Image-2026-08-28-at-11.29.38-AM-473x1024.jpeg\" alt=\"\" width=\"473\" height=\"1024\" srcset=\"https:\/\/www.fundacionelpilar.cl\/web\/wp-content\/uploads\/2026\/09\/WhatsApp-Image-2026-08-28-at-11.29.38-AM-473x1024.jpeg 473w, https:\/\/www.fundacionelpilar.cl\/web\/wp-content\/uploads\/2026\/09\/WhatsApp-Image-2026-08-28-at-11.29.38-AM-139x300.jpeg 139w, https:\/\/www.fundacionelpilar.cl\/web\/wp-content\/uploads\/2026\/09\/WhatsApp-Image-2026-08-28-at-11.29.38-AM-709x1536.jpeg 709w, https:\/\/www.fundacionelpilar.cl\/web\/wp-content\/uploads\/2026\/09\/WhatsApp-Image-2026-08-28-at-11.29.38-AM.jpeg 739w\" sizes=\"(max-width: 473px) 100vw, 473px\" \/><\/a><\/div>\n<div class=\"x14z9mp xat24cr x1lziwak x1vvkbs xtlvy1s x126k92a\">\n<h6 dir=\"auto\"><\/h6>\n<\/div>\n<div class=\"x14z9mp xat24cr x1lziwak x1vvkbs xtlvy1s x126k92a\">\n<blockquote>\n<div dir=\"auto\" style=\"text-align: center;\"><strong>Fundaci\u00f3n El Pilar de Ancud: 73 a\u00f1os formando personas \u00edntegras, comprometidas con el desarrollo de la sociedad, el cuidado de la Vida y de la madre tierra.<\/strong><\/div>\n<\/blockquote>\n<h6 dir=\"auto\"><\/h6>\n<\/div>\n","protected":false},"excerpt":{"rendered":"<p>Alumna de tercero medio viaj\u00f3 hasta Santiago ya que es parte de Aba Dance.<\/p>\n","protected":false},"author":5,"featured_media":15675,"comment_status":"closed","ping_status":"closed","sticky":false,"template":"","format":"standard","meta":{"footnotes":""},"categories":[22],"tags":[],"class_list":["post-15674","post","type-post","status-publish","format-standard","has-post-thumbnail","hentry","category-liceo"],"_links":{"self":[{"href":"https:\/\/www.fundacionelpilar.cl\/web\/wp-json\/wp\/v2\/posts\/15674","targetHints":{"allow":["GET"]}}],"collection":[{"href":"https:\/\/www.fundacionelpilar.cl\/web\/wp-json\/wp\/v2\/posts"}],"about":[{"href":"https:\/\/www.fundacionelpilar.cl\/web\/wp-json\/wp\/v2\/types\/post"}],"author":[{"embeddable":true,"href":"https:\/\/www.fundacionelpilar.cl\/web\/wp-json\/wp\/v2\/users\/5"}],"replies":[{"embeddable":true,"href":"https:\/\/www.fundacionelpilar.cl\/web\/wp-json\/wp\/v2\/comments?post=15674"}],"version-history":[{"count":2,"href":"https:\/\/www.fundacionelpilar.cl\/web\/wp-json\/wp\/v2\/posts\/15674\/revisions"}],"predecessor-version":[{"id":15678,"href":"https:\/\/www.fundacionelpilar.cl\/web\/wp-json\/wp\/v2\/posts\/15674\/revisions\/15678"}],"wp:featuredmedia":[{"embeddable":true,"href":"https:\/\/www.fundacionelpilar.cl\/web\/wp-json\/wp\/v2\/media\/15675"}],"wp:attachment":[{"href":"https:\/\/www.fundacionelpilar.cl\/web\/wp-json\/wp\/v2\/media?parent=15674"}],"wp:term":[{"taxonomy":"category","embeddable":true,"href":"https:\/\/www.fundacionelpilar.cl\/web\/wp-json\/wp\/v2\/categories?post=15674"},{"taxonomy":"post_tag","embeddable":true,"href":"https:\/\/www.fundacionelpilar.cl\/web\/wp-json\/wp\/v2\/tags?post=15674"}],"curies":[{"name":"wp","href":"https:\/\/api.w.org\/{rel}","templated":true}]}}