{"id":15665,"date":"2026-08-31T21:02:03","date_gmt":"2026-08-31T21:02:03","guid":{"rendered":"https:\/\/www.fundacionelpilar.cl\/web\/?p=15665"},"modified":"2026-08-31T21:02:03","modified_gmt":"2026-08-31T21:02:03","slug":"ninos-del-segundo-ciclo-del-colegio-el-pilar-asistieron-a-actividad-de-mediacion-sobre-fotografia","status":"publish","type":"post","link":"https:\/\/www.fundacionelpilar.cl\/web\/ninos-del-segundo-ciclo-del-colegio-el-pilar-asistieron-a-actividad-de-mediacion-sobre-fotografia\/","title":{"rendered":"Ni\u00f1os del segundo ciclo del Colegio El Pilar asistieron a actividad de mediaci\u00f3n sobre fotograf\u00eda"},"content":{"rendered":"<div class=\"x14z9mp xat24cr x1lziwak x1vvkbs xtlvy1s x126k92a\">\n<h6 dir=\"auto\">Estudiantes de 5to a 7mo b\u00e1sico participaron de actividad en Castro.<\/h6>\n<\/div>\n<p><!--more--><\/p>\n<div class=\"x14z9mp xat24cr x1lziwak x1vvkbs xtlvy1s x126k92a\">\n<h6 dir=\"auto\"><\/h6>\n<div dir=\"auto\">Una salida pedag\u00f3gica a la ciudad de Castro tuvieron estudiantes del segundo ciclo del Colegio El Pilar.<\/div>\n<h6 dir=\"auto\"><\/h6>\n<\/div>\n<div class=\"x14z9mp xat24cr x1lziwak x1vvkbs xtlvy1s x126k92a\">\n<div dir=\"auto\">En esta ocasi\u00f3n fue un grupo de ni\u00f1os de entre quinto a s\u00e9ptimo b\u00e1sico los que asistieron a esta especial actividad, cuyo prop\u00f3sito era que participaran de una mediaci\u00f3n realizada en el marco de la celebraci\u00f3n del d\u00eda de la fotograf\u00eda.<\/div>\n<h6 dir=\"auto\"><\/h6>\n<\/div>\n<div class=\"x14z9mp xat24cr x1lziwak x1vvkbs xtlvy1s x126k92a\">\n<div dir=\"auto\">La instancia surgi\u00f3 a ra\u00edz de una invitaci\u00f3n hecha por Trasfoco, una escuela audiovisual y fotogr\u00e1fica itinerante, quienes estaban a la cabeza del proyecto Chilo\u00e9, naturaleza para expresar y compartir, el cual durante agosto inici\u00f3 su etapa final: la difusi\u00f3n de las obras fotogr\u00e1ficas realizadas y el proceso creativo.<\/div>\n<h6 dir=\"auto\"><\/h6>\n<\/div>\n<div class=\"x14z9mp xat24cr x1lziwak x1vvkbs xtlvy1s x126k92a\">\n<div dir=\"auto\">La profesora de artes de nuestro Colegio, Sandra Rogel, particip\u00f3 tiempo atr\u00e1s en el taller de Metodolog\u00edas de la creaci\u00f3n art\u00edstica participativa, involucrado en el citado proyecto.<\/div>\n<h6 dir=\"auto\"><\/h6>\n<\/div>\n<div class=\"x14z9mp xat24cr x1lziwak x1vvkbs xtlvy1s x126k92a\">\n<div dir=\"auto\">Precisamente las obras resultantes de los talleres que se llevaron a cabo se exhibieron en la exposici\u00f3n final que se inaugur\u00f3 el mi\u00e9rcoles 19 de agosto (D\u00eda Internacional de la Fotograf\u00eda).<\/div>\n<h5 dir=\"auto\"><\/h5>\n<\/div>\n<div class=\"x14z9mp xat24cr x1lziwak x1vvkbs xtlvy1s x126k92a\">\n<div dir=\"auto\">El programa de esta salida pedag\u00f3gica involucr\u00f3 una visita a panel de historia de la fotograf\u00eda en la Plaza de Armas de Castro, una visita guiada a c\u00e1mara oscura en el Centro Cultural y un recorrido mediado a la exposici\u00f3n Chilo\u00e9 naturaleza para expresar y compartir, que estaba presente en dependencias del Cecrea Castro.<\/div>\n<h6 dir=\"auto\"><\/h6>\n<\/div>\n<div class=\"x14z9mp xat24cr x1lziwak x1vvkbs xtlvy1s x126k92a\">\n<div dir=\"auto\">Esta vez la salida de los alumnos del Pilar b\u00e1sica estuvo acompa\u00f1ada por las docentes Silvana Barrientos y Miriam Joost.<\/div>\n<h6 dir=\"auto\"><\/h6>\n<div id='gallery-1' class='gallery galleryid-15665 gallery-columns-3 gallery-size-large'><figure class='gallery-item'>\n\t\t\t<div class='gallery-icon landscape'>\n\t\t\t\t<a href='https:\/\/www.fundacionelpilar.cl\/web\/ninos-del-segundo-ciclo-del-colegio-el-pilar-asistieron-a-actividad-de-mediacion-sobre-fotografia\/whatsapp-image-2026-08-28-at-10-41-26-am-1\/'><img fetchpriority=\"high\" decoding=\"async\" width=\"800\" height=\"600\" src=\"https:\/\/www.fundacionelpilar.cl\/web\/wp-content\/uploads\/2026\/08\/WhatsApp-Image-2026-08-28-at-10.41.26-AM-1-1024x768.jpeg\" class=\"attachment-large size-large\" alt=\"\" srcset=\"https:\/\/www.fundacionelpilar.cl\/web\/wp-content\/uploads\/2026\/08\/WhatsApp-Image-2026-08-28-at-10.41.26-AM-1-1024x768.jpeg 1024w, https:\/\/www.fundacionelpilar.cl\/web\/wp-content\/uploads\/2026\/08\/WhatsApp-Image-2026-08-28-at-10.41.26-AM-1-300x225.jpeg 300w, https:\/\/www.fundacionelpilar.cl\/web\/wp-content\/uploads\/2026\/08\/WhatsApp-Image-2026-08-28-at-10.41.26-AM-1-768x576.jpeg 768w, https:\/\/www.fundacionelpilar.cl\/web\/wp-content\/uploads\/2026\/08\/WhatsApp-Image-2026-08-28-at-10.41.26-AM-1.jpeg 1280w\" sizes=\"(max-width: 800px) 100vw, 800px\" \/><\/a>\n\t\t\t<\/div><\/figure><figure class='gallery-item'>\n\t\t\t<div class='gallery-icon landscape'>\n\t\t\t\t<a href='https:\/\/www.fundacionelpilar.cl\/web\/ninos-del-segundo-ciclo-del-colegio-el-pilar-asistieron-a-actividad-de-mediacion-sobre-fotografia\/whatsapp-image-2026-08-28-at-10-41-26-am-3\/'><img decoding=\"async\" width=\"800\" height=\"600\" src=\"https:\/\/www.fundacionelpilar.cl\/web\/wp-content\/uploads\/2026\/08\/WhatsApp-Image-2026-08-28-at-10.41.26-AM-3-1024x768.jpeg\" class=\"attachment-large size-large\" alt=\"\" srcset=\"https:\/\/www.fundacionelpilar.cl\/web\/wp-content\/uploads\/2026\/08\/WhatsApp-Image-2026-08-28-at-10.41.26-AM-3-1024x768.jpeg 1024w, https:\/\/www.fundacionelpilar.cl\/web\/wp-content\/uploads\/2026\/08\/WhatsApp-Image-2026-08-28-at-10.41.26-AM-3-300x225.jpeg 300w, https:\/\/www.fundacionelpilar.cl\/web\/wp-content\/uploads\/2026\/08\/WhatsApp-Image-2026-08-28-at-10.41.26-AM-3-768x576.jpeg 768w, https:\/\/www.fundacionelpilar.cl\/web\/wp-content\/uploads\/2026\/08\/WhatsApp-Image-2026-08-28-at-10.41.26-AM-3.jpeg 1280w\" sizes=\"(max-width: 800px) 100vw, 800px\" \/><\/a>\n\t\t\t<\/div><\/figure><figure class='gallery-item'>\n\t\t\t<div class='gallery-icon landscape'>\n\t\t\t\t<a href='https:\/\/www.fundacionelpilar.cl\/web\/ninos-del-segundo-ciclo-del-colegio-el-pilar-asistieron-a-actividad-de-mediacion-sobre-fotografia\/whatsapp-image-2026-08-28-at-10-41-26-am-4\/'><img decoding=\"async\" width=\"800\" height=\"600\" src=\"https:\/\/www.fundacionelpilar.cl\/web\/wp-content\/uploads\/2026\/08\/WhatsApp-Image-2026-08-28-at-10.41.26-AM-4-1024x768.jpeg\" class=\"attachment-large size-large\" alt=\"\" srcset=\"https:\/\/www.fundacionelpilar.cl\/web\/wp-content\/uploads\/2026\/08\/WhatsApp-Image-2026-08-28-at-10.41.26-AM-4-1024x768.jpeg 1024w, https:\/\/www.fundacionelpilar.cl\/web\/wp-content\/uploads\/2026\/08\/WhatsApp-Image-2026-08-28-at-10.41.26-AM-4-300x225.jpeg 300w, https:\/\/www.fundacionelpilar.cl\/web\/wp-content\/uploads\/2026\/08\/WhatsApp-Image-2026-08-28-at-10.41.26-AM-4-768x576.jpeg 768w, https:\/\/www.fundacionelpilar.cl\/web\/wp-content\/uploads\/2026\/08\/WhatsApp-Image-2026-08-28-at-10.41.26-AM-4.jpeg 1280w\" sizes=\"(max-width: 800px) 100vw, 800px\" \/><\/a>\n\t\t\t<\/div><\/figure><figure class='gallery-item'>\n\t\t\t<div class='gallery-icon landscape'>\n\t\t\t\t<a href='https:\/\/www.fundacionelpilar.cl\/web\/ninos-del-segundo-ciclo-del-colegio-el-pilar-asistieron-a-actividad-de-mediacion-sobre-fotografia\/whatsapp-image-2026-08-28-at-10-41-26-am\/'><img loading=\"lazy\" decoding=\"async\" width=\"800\" height=\"600\" src=\"https:\/\/www.fundacionelpilar.cl\/web\/wp-content\/uploads\/2026\/08\/WhatsApp-Image-2026-08-28-at-10.41.26-AM-1024x768.jpeg\" class=\"attachment-large size-large\" alt=\"\" srcset=\"https:\/\/www.fundacionelpilar.cl\/web\/wp-content\/uploads\/2026\/08\/WhatsApp-Image-2026-08-28-at-10.41.26-AM-1024x768.jpeg 1024w, https:\/\/www.fundacionelpilar.cl\/web\/wp-content\/uploads\/2026\/08\/WhatsApp-Image-2026-08-28-at-10.41.26-AM-300x225.jpeg 300w, https:\/\/www.fundacionelpilar.cl\/web\/wp-content\/uploads\/2026\/08\/WhatsApp-Image-2026-08-28-at-10.41.26-AM-768x576.jpeg 768w, https:\/\/www.fundacionelpilar.cl\/web\/wp-content\/uploads\/2026\/08\/WhatsApp-Image-2026-08-28-at-10.41.26-AM.jpeg 1280w\" sizes=\"(max-width: 800px) 100vw, 800px\" \/><\/a>\n\t\t\t<\/div><\/figure><figure class='gallery-item'>\n\t\t\t<div class='gallery-icon portrait'>\n\t\t\t\t<a href='https:\/\/www.fundacionelpilar.cl\/web\/ninos-del-segundo-ciclo-del-colegio-el-pilar-asistieron-a-actividad-de-mediacion-sobre-fotografia\/whatsapp-image-2026-08-28-at-10-42-19-am-2\/'><img loading=\"lazy\" decoding=\"async\" width=\"576\" height=\"1024\" src=\"https:\/\/www.fundacionelpilar.cl\/web\/wp-content\/uploads\/2026\/08\/WhatsApp-Image-2026-08-28-at-10.42.19-AM-2-576x1024.jpeg\" class=\"attachment-large size-large\" alt=\"\" srcset=\"https:\/\/www.fundacionelpilar.cl\/web\/wp-content\/uploads\/2026\/08\/WhatsApp-Image-2026-08-28-at-10.42.19-AM-2-576x1024.jpeg 576w, https:\/\/www.fundacionelpilar.cl\/web\/wp-content\/uploads\/2026\/08\/WhatsApp-Image-2026-08-28-at-10.42.19-AM-2-169x300.jpeg 169w, https:\/\/www.fundacionelpilar.cl\/web\/wp-content\/uploads\/2026\/08\/WhatsApp-Image-2026-08-28-at-10.42.19-AM-2-768x1365.jpeg 768w, https:\/\/www.fundacionelpilar.cl\/web\/wp-content\/uploads\/2026\/08\/WhatsApp-Image-2026-08-28-at-10.42.19-AM-2-864x1536.jpeg 864w, https:\/\/www.fundacionelpilar.cl\/web\/wp-content\/uploads\/2026\/08\/WhatsApp-Image-2026-08-28-at-10.42.19-AM-2.jpeg 900w\" sizes=\"(max-width: 576px) 100vw, 576px\" \/><\/a>\n\t\t\t<\/div><\/figure><figure class='gallery-item'>\n\t\t\t<div class='gallery-icon portrait'>\n\t\t\t\t<a href='https:\/\/www.fundacionelpilar.cl\/web\/ninos-del-segundo-ciclo-del-colegio-el-pilar-asistieron-a-actividad-de-mediacion-sobre-fotografia\/whatsapp-image-2026-08-28-at-10-42-19-am\/'><img loading=\"lazy\" decoding=\"async\" width=\"576\" height=\"1024\" src=\"https:\/\/www.fundacionelpilar.cl\/web\/wp-content\/uploads\/2026\/08\/WhatsApp-Image-2026-08-28-at-10.42.19-AM-576x1024.jpeg\" class=\"attachment-large size-large\" alt=\"\" srcset=\"https:\/\/www.fundacionelpilar.cl\/web\/wp-content\/uploads\/2026\/08\/WhatsApp-Image-2026-08-28-at-10.42.19-AM-576x1024.jpeg 576w, https:\/\/www.fundacionelpilar.cl\/web\/wp-content\/uploads\/2026\/08\/WhatsApp-Image-2026-08-28-at-10.42.19-AM-169x300.jpeg 169w, https:\/\/www.fundacionelpilar.cl\/web\/wp-content\/uploads\/2026\/08\/WhatsApp-Image-2026-08-28-at-10.42.19-AM-768x1365.jpeg 768w, https:\/\/www.fundacionelpilar.cl\/web\/wp-content\/uploads\/2026\/08\/WhatsApp-Image-2026-08-28-at-10.42.19-AM-864x1536.jpeg 864w, https:\/\/www.fundacionelpilar.cl\/web\/wp-content\/uploads\/2026\/08\/WhatsApp-Image-2026-08-28-at-10.42.19-AM.jpeg 900w\" sizes=\"(max-width: 576px) 100vw, 576px\" \/><\/a>\n\t\t\t<\/div><\/figure>\n\t\t<\/div>\n\n<\/div>\n<div class=\"x14z9mp xat24cr x1lziwak x1vvkbs xtlvy1s x126k92a\">\n<blockquote>\n<h5 dir=\"auto\" style=\"text-align: center;\"><strong>Fundaci\u00f3n El Pilar de Ancud: 73 a\u00f1os formando personas \u00edntegras, comprometidas con el desarrollo de la sociedad, el cuidado de la Vida y de la madre tierra.<\/strong><\/h5>\n<\/blockquote>\n<div dir=\"auto\"><\/div>\n<\/div>\n","protected":false},"excerpt":{"rendered":"<p>Estudiantes de 5to a 7mo b\u00e1sico participaron de actividad en Castro.<\/p>\n","protected":false},"author":5,"featured_media":15666,"comment_status":"closed","ping_status":"closed","sticky":false,"template":"","format":"standard","meta":{"footnotes":""},"categories":[10],"tags":[116,119,117,115,120,118],"class_list":["post-15665","post","type-post","status-publish","format-standard","has-post-thumbnail","hentry","category-colegio","tag-73anoseducandoenchiloe","tag-ancudchiloe","tag-colegioelpilarancud","tag-fundacionelpilarancud","tag-pilarbasica","tag-ursulinasdejesus"],"_links":{"self":[{"href":"https:\/\/www.fundacionelpilar.cl\/web\/wp-json\/wp\/v2\/posts\/15665","targetHints":{"allow":["GET"]}}],"collection":[{"href":"https:\/\/www.fundacionelpilar.cl\/web\/wp-json\/wp\/v2\/posts"}],"about":[{"href":"https:\/\/www.fundacionelpilar.cl\/web\/wp-json\/wp\/v2\/types\/post"}],"author":[{"embeddable":true,"href":"https:\/\/www.fundacionelpilar.cl\/web\/wp-json\/wp\/v2\/users\/5"}],"replies":[{"embeddable":true,"href":"https:\/\/www.fundacionelpilar.cl\/web\/wp-json\/wp\/v2\/comments?post=15665"}],"version-history":[{"count":1,"href":"https:\/\/www.fundacionelpilar.cl\/web\/wp-json\/wp\/v2\/posts\/15665\/revisions"}],"predecessor-version":[{"id":15673,"href":"https:\/\/www.fundacionelpilar.cl\/web\/wp-json\/wp\/v2\/posts\/15665\/revisions\/15673"}],"wp:featuredmedia":[{"embeddable":true,"href":"https:\/\/www.fundacionelpilar.cl\/web\/wp-json\/wp\/v2\/media\/15666"}],"wp:attachment":[{"href":"https:\/\/www.fundacionelpilar.cl\/web\/wp-json\/wp\/v2\/media?parent=15665"}],"wp:term":[{"taxonomy":"category","embeddable":true,"href":"https:\/\/www.fundacionelpilar.cl\/web\/wp-json\/wp\/v2\/categories?post=15665"},{"taxonomy":"post_tag","embeddable":true,"href":"https:\/\/www.fundacionelpilar.cl\/web\/wp-json\/wp\/v2\/tags?post=15665"}],"curies":[{"name":"wp","href":"https:\/\/api.w.org\/{rel}","templated":true}]}}