{"id":15648,"date":"2026-08-31T19:59:54","date_gmt":"2026-08-31T19:59:54","guid":{"rendered":"https:\/\/www.fundacionelpilar.cl\/web\/?p=15648"},"modified":"2026-08-31T20:12:45","modified_gmt":"2026-08-31T20:12:45","slug":"liceo-y-colegio-el-pilar-estuvieron-en-congreso-regional-de-explora-2026","status":"publish","type":"post","link":"https:\/\/www.fundacionelpilar.cl\/web\/liceo-y-colegio-el-pilar-estuvieron-en-congreso-regional-de-explora-2026\/","title":{"rendered":"Liceo y Colegio El Pilar estuvieron en congreso regional de Explora 2026"},"content":{"rendered":"<div class=\"x14z9mp xat24cr x1lziwak x1vvkbs xtlvy1s x126k92a\">\n<h6 dir=\"auto\"><strong>Estudiantes de b\u00e1sica y media participaron en instancia que re\u00fane la investigaci\u00f3n e innovaci\u00f3n escolar.<\/strong><\/h6>\n<div dir=\"auto\"><\/div>\n<\/div>\n<p><!--more--><\/p>\n<div dir=\"auto\"><\/div>\n<div class=\"x14z9mp xat24cr x1lziwak x1vvkbs xtlvy1s x126k92a\">\n<div dir=\"auto\">Estudiantes pilarinos del Liceo y Colegio El Pilar asistieron la semana pasada a la XXII versi\u00f3n del Congreso regional de investigaci\u00f3n e innovaci\u00f3n escolar de <span class=\"html-span xdj266r x14z9mp xat24cr x1lziwak xexx8yu xyri2b x18d9i69 x1c1uobl x1hl2dhg x16tdsg8 x1vvkbs\"><a class=\"x1i10hfl xjbqb8w x1ejq31n x18oe1m7 x1sy0etr xstzfhl x972fbf x10w94by x1qhh985 x14e42zd x9f619 x1ypdohk xt0psk2 x3ct3a4 xdj266r x14z9mp xat24cr x1lziwak xexx8yu xyri2b x18d9i69 x1c1uobl x16tdsg8 x1hl2dhg xggy1nq x1a2a7pz xkrqix3 x1sur9pj x1fey0fg x1s688f\" tabindex=\"0\" role=\"link\" href=\"https:\/\/www.facebook.com\/PARExploraLagos?__cft__[0]=AZbnCNXc8FKNd2m8BVwL85Lb_g4LDpJmNdhSunWu6jrm6pWxJGPr8lQd6TzBbCaGeBt9yAy-KbJN8Flf1ahMyRhfJ9OltDqV7taGPR-aiZc_vk4D7t7CJU7nvcWeoPi1cIqmffjQxWj5NAmdYCRsx5bivjGVt1OcYi8Ruv05klHFHxRvZdw7BCYClDWFFtp8tdY&amp;__tn__=-]K-R\"><span class=\"xt0psk2\"><span class=\"xjp7ctv\">PAR Explora Los Lagos<\/span><\/span><\/a><\/span> 2026.<\/div>\n<h6 dir=\"auto\"><\/h6>\n<\/div>\n<div class=\"x14z9mp xat24cr x1lziwak x1vvkbs xtlvy1s x126k92a\">\n<div dir=\"auto\">El evento se llev\u00f3 a cabo en Arena Puerto Montt en dos jornadas consecutivas, que dentro de su programa incluyeron charlas, talleres, una feria abierta a las comunidades educativas regionales con stands interactivos, presentaciones orales de los proyectos de investigaci\u00f3n, entre otros.<\/div>\n<h6 dir=\"auto\"><\/h6>\n<\/div>\n<div class=\"x14z9mp xat24cr x1lziwak x1vvkbs xtlvy1s x126k92a\">\n<div dir=\"auto\">En la importante instancia de divulgaci\u00f3n se dieron cita alumnos de educaci\u00f3n b\u00e1sica y media de diferentes establecimientos educacionales de la regi\u00f3n, quienes dieron a conocer los diversos proyectos de investigaci\u00f3n que est\u00e1n realizando.<\/div>\n<div dir=\"auto\"><\/div>\n<\/div>\n<div class=\"x14z9mp xat24cr x1lziwak x1vvkbs xtlvy1s x126k92a\">\n<h6 dir=\"auto\">\u00abLICEO EL PILAR\u00bb<\/h6>\n<h6 dir=\"auto\"><\/h6>\n<\/div>\n<div class=\"x14z9mp xat24cr x1lziwak x1vvkbs xtlvy1s x126k92a\">\n<div dir=\"auto\">Del Liceo Comercial El Pilar participaron las estudiantes Agatha Hern\u00e1ndez y Monserrat Alarc\u00f3n del 2do C HC, junto a la docente Sandra Hern\u00e1ndez.<\/div>\n<h6 dir=\"auto\"><\/h6>\n<\/div>\n<div class=\"x14z9mp xat24cr x1lziwak x1vvkbs xtlvy1s x126k92a\">\n<div dir=\"auto\">Las pilarinas de educaci\u00f3n media han elaborado un estudio sobre el cipr\u00e9s de las Guaitecas, cuyo proceso investigativo lo han hecho junto a la asesor\u00eda de la Estaci\u00f3n Biol\u00f3gica Senda Darwin. La matriz de su idea est\u00e1 basada en una futura restauraci\u00f3n de la especie y las condiciones necesarias que se necesitar\u00edan para su supervivencia.<\/div>\n<\/div>\n<div dir=\"auto\"><\/div>\n<div dir=\"auto\">\n<div id='gallery-1' class='gallery galleryid-15648 gallery-columns-3 gallery-size-large'><figure class='gallery-item'>\n\t\t\t<div class='gallery-icon portrait'>\n\t\t\t\t<a href='https:\/\/www.fundacionelpilar.cl\/web\/liceo-y-colegio-el-pilar-estuvieron-en-congreso-regional-de-explora-2026\/whatsapp-image-2026-08-26-at-9-34-05-am\/'><img fetchpriority=\"high\" decoding=\"async\" width=\"576\" height=\"1024\" src=\"https:\/\/www.fundacionelpilar.cl\/web\/wp-content\/uploads\/2026\/08\/WhatsApp-Image-2026-08-26-at-9.34.05-AM-576x1024.jpeg\" class=\"attachment-large size-large\" alt=\"\" srcset=\"https:\/\/www.fundacionelpilar.cl\/web\/wp-content\/uploads\/2026\/08\/WhatsApp-Image-2026-08-26-at-9.34.05-AM-576x1024.jpeg 576w, https:\/\/www.fundacionelpilar.cl\/web\/wp-content\/uploads\/2026\/08\/WhatsApp-Image-2026-08-26-at-9.34.05-AM-169x300.jpeg 169w, https:\/\/www.fundacionelpilar.cl\/web\/wp-content\/uploads\/2026\/08\/WhatsApp-Image-2026-08-26-at-9.34.05-AM-768x1365.jpeg 768w, https:\/\/www.fundacionelpilar.cl\/web\/wp-content\/uploads\/2026\/08\/WhatsApp-Image-2026-08-26-at-9.34.05-AM-864x1536.jpeg 864w, https:\/\/www.fundacionelpilar.cl\/web\/wp-content\/uploads\/2026\/08\/WhatsApp-Image-2026-08-26-at-9.34.05-AM.jpeg 900w\" sizes=\"(max-width: 576px) 100vw, 576px\" \/><\/a>\n\t\t\t<\/div><\/figure><figure class='gallery-item'>\n\t\t\t<div class='gallery-icon portrait'>\n\t\t\t\t<a href='https:\/\/www.fundacionelpilar.cl\/web\/liceo-y-colegio-el-pilar-estuvieron-en-congreso-regional-de-explora-2026\/whatsapp-image-2026-08-26-at-9-48-00-am\/'><img decoding=\"async\" width=\"768\" height=\"1024\" src=\"https:\/\/www.fundacionelpilar.cl\/web\/wp-content\/uploads\/2026\/08\/WhatsApp-Image-2026-08-26-at-9.48.00-AM-768x1024.jpeg\" class=\"attachment-large size-large\" alt=\"\" srcset=\"https:\/\/www.fundacionelpilar.cl\/web\/wp-content\/uploads\/2026\/08\/WhatsApp-Image-2026-08-26-at-9.48.00-AM-768x1024.jpeg 768w, https:\/\/www.fundacionelpilar.cl\/web\/wp-content\/uploads\/2026\/08\/WhatsApp-Image-2026-08-26-at-9.48.00-AM-225x300.jpeg 225w, https:\/\/www.fundacionelpilar.cl\/web\/wp-content\/uploads\/2026\/08\/WhatsApp-Image-2026-08-26-at-9.48.00-AM.jpeg 960w\" sizes=\"(max-width: 768px) 100vw, 768px\" \/><\/a>\n\t\t\t<\/div><\/figure><figure class='gallery-item'>\n\t\t\t<div class='gallery-icon portrait'>\n\t\t\t\t<a href='https:\/\/www.fundacionelpilar.cl\/web\/liceo-y-colegio-el-pilar-estuvieron-en-congreso-regional-de-explora-2026\/whatsapp-image-2026-08-26-at-12-39-21-pm\/'><img decoding=\"async\" width=\"768\" height=\"1024\" src=\"https:\/\/www.fundacionelpilar.cl\/web\/wp-content\/uploads\/2026\/08\/WhatsApp-Image-2026-08-26-at-12.39.21-PM-768x1024.jpeg\" class=\"attachment-large size-large\" alt=\"\" aria-describedby=\"gallery-1-15658\" srcset=\"https:\/\/www.fundacionelpilar.cl\/web\/wp-content\/uploads\/2026\/08\/WhatsApp-Image-2026-08-26-at-12.39.21-PM-768x1024.jpeg 768w, https:\/\/www.fundacionelpilar.cl\/web\/wp-content\/uploads\/2026\/08\/WhatsApp-Image-2026-08-26-at-12.39.21-PM-225x300.jpeg 225w, https:\/\/www.fundacionelpilar.cl\/web\/wp-content\/uploads\/2026\/08\/WhatsApp-Image-2026-08-26-at-12.39.21-PM.jpeg 960w\" sizes=\"(max-width: 768px) 100vw, 768px\" \/><\/a>\n\t\t\t<\/div>\n\t\t\t\t<figcaption class='wp-caption-text gallery-caption' id='gallery-1-15658'>\n\t\t\t\tEl equipo del Liceo El Pilar\n\t\t\t\t<\/figcaption><\/figure><figure class='gallery-item'>\n\t\t\t<div class='gallery-icon landscape'>\n\t\t\t\t<a href='https:\/\/www.fundacionelpilar.cl\/web\/liceo-y-colegio-el-pilar-estuvieron-en-congreso-regional-de-explora-2026\/whatsapp-image-2026-08-27-at-6-15-52-pm-1\/'><img loading=\"lazy\" decoding=\"async\" width=\"800\" height=\"600\" src=\"https:\/\/www.fundacionelpilar.cl\/web\/wp-content\/uploads\/2026\/08\/WhatsApp-Image-2026-08-27-at-6.15.52-PM-1-1024x768.jpeg\" class=\"attachment-large size-large\" alt=\"\" srcset=\"https:\/\/www.fundacionelpilar.cl\/web\/wp-content\/uploads\/2026\/08\/WhatsApp-Image-2026-08-27-at-6.15.52-PM-1-1024x768.jpeg 1024w, https:\/\/www.fundacionelpilar.cl\/web\/wp-content\/uploads\/2026\/08\/WhatsApp-Image-2026-08-27-at-6.15.52-PM-1-300x225.jpeg 300w, https:\/\/www.fundacionelpilar.cl\/web\/wp-content\/uploads\/2026\/08\/WhatsApp-Image-2026-08-27-at-6.15.52-PM-1-768x576.jpeg 768w, https:\/\/www.fundacionelpilar.cl\/web\/wp-content\/uploads\/2026\/08\/WhatsApp-Image-2026-08-27-at-6.15.52-PM-1-1536x1152.jpeg 1536w, https:\/\/www.fundacionelpilar.cl\/web\/wp-content\/uploads\/2026\/08\/WhatsApp-Image-2026-08-27-at-6.15.52-PM-1.jpeg 1600w\" sizes=\"(max-width: 800px) 100vw, 800px\" \/><\/a>\n\t\t\t<\/div><\/figure><figure class='gallery-item'>\n\t\t\t<div class='gallery-icon landscape'>\n\t\t\t\t<a href='https:\/\/www.fundacionelpilar.cl\/web\/liceo-y-colegio-el-pilar-estuvieron-en-congreso-regional-de-explora-2026\/whatsapp-image-2026-08-27-at-6-15-53-pm-2\/'><img loading=\"lazy\" decoding=\"async\" width=\"800\" height=\"600\" src=\"https:\/\/www.fundacionelpilar.cl\/web\/wp-content\/uploads\/2026\/08\/WhatsApp-Image-2026-08-27-at-6.15.53-PM-2-1024x768.jpeg\" class=\"attachment-large size-large\" alt=\"\" srcset=\"https:\/\/www.fundacionelpilar.cl\/web\/wp-content\/uploads\/2026\/08\/WhatsApp-Image-2026-08-27-at-6.15.53-PM-2-1024x768.jpeg 1024w, https:\/\/www.fundacionelpilar.cl\/web\/wp-content\/uploads\/2026\/08\/WhatsApp-Image-2026-08-27-at-6.15.53-PM-2-300x225.jpeg 300w, https:\/\/www.fundacionelpilar.cl\/web\/wp-content\/uploads\/2026\/08\/WhatsApp-Image-2026-08-27-at-6.15.53-PM-2-768x576.jpeg 768w, https:\/\/www.fundacionelpilar.cl\/web\/wp-content\/uploads\/2026\/08\/WhatsApp-Image-2026-08-27-at-6.15.53-PM-2-1536x1152.jpeg 1536w, https:\/\/www.fundacionelpilar.cl\/web\/wp-content\/uploads\/2026\/08\/WhatsApp-Image-2026-08-27-at-6.15.53-PM-2.jpeg 1600w\" sizes=\"(max-width: 800px) 100vw, 800px\" \/><\/a>\n\t\t\t<\/div><\/figure><figure class='gallery-item'>\n\t\t\t<div class='gallery-icon landscape'>\n\t\t\t\t<a href='https:\/\/www.fundacionelpilar.cl\/web\/liceo-y-colegio-el-pilar-estuvieron-en-congreso-regional-de-explora-2026\/whatsapp-image-2026-08-27-at-6-15-53-pm\/'><img loading=\"lazy\" decoding=\"async\" width=\"800\" height=\"600\" src=\"https:\/\/www.fundacionelpilar.cl\/web\/wp-content\/uploads\/2026\/08\/WhatsApp-Image-2026-08-27-at-6.15.53-PM-1024x768.jpeg\" class=\"attachment-large size-large\" alt=\"\" srcset=\"https:\/\/www.fundacionelpilar.cl\/web\/wp-content\/uploads\/2026\/08\/WhatsApp-Image-2026-08-27-at-6.15.53-PM-1024x768.jpeg 1024w, https:\/\/www.fundacionelpilar.cl\/web\/wp-content\/uploads\/2026\/08\/WhatsApp-Image-2026-08-27-at-6.15.53-PM-300x225.jpeg 300w, https:\/\/www.fundacionelpilar.cl\/web\/wp-content\/uploads\/2026\/08\/WhatsApp-Image-2026-08-27-at-6.15.53-PM-768x576.jpeg 768w, https:\/\/www.fundacionelpilar.cl\/web\/wp-content\/uploads\/2026\/08\/WhatsApp-Image-2026-08-27-at-6.15.53-PM-1536x1152.jpeg 1536w, https:\/\/www.fundacionelpilar.cl\/web\/wp-content\/uploads\/2026\/08\/WhatsApp-Image-2026-08-27-at-6.15.53-PM.jpeg 1600w\" sizes=\"(max-width: 800px) 100vw, 800px\" \/><\/a>\n\t\t\t<\/div><\/figure>\n\t\t<\/div>\n\n<\/div>\n<div class=\"x14z9mp xat24cr x1lziwak x1vvkbs xtlvy1s x126k92a\">\n<div dir=\"auto\"><\/div>\n<\/div>\n<div class=\"x14z9mp xat24cr x1lziwak x1vvkbs xtlvy1s x126k92a\">\n<h6 dir=\"auto\">\u00abPILAR B\u00c1SICA\u00bb<\/h6>\n<h6 dir=\"auto\"><\/h6>\n<\/div>\n<div class=\"x14z9mp xat24cr x1lziwak x1vvkbs xtlvy1s x126k92a\">\n<div dir=\"auto\">A su vez, del Colegio El Pilar estuvieron presentes los estudiantes Vicente Huentelican y Esteban Lleucun del 7mo \u00abB\u00bb, quienes estuvieron acompa\u00f1ados por la profesora Sandra Rogel. Ellos durante este a\u00f1o han estado ejecutando el proyecto que aborda la cester\u00eda de Ancud como Patrimonio Vivo, desarrollando un estudio de valoraci\u00f3n ciudadana en el contexto del Bicentenario de Chilo\u00e9.<\/div>\n<h6 dir=\"auto\"><\/h6>\n<div id='gallery-2' class='gallery galleryid-15648 gallery-columns-3 gallery-size-large'><figure class='gallery-item'>\n\t\t\t<div class='gallery-icon landscape'>\n\t\t\t\t<a href='https:\/\/www.fundacionelpilar.cl\/web\/liceo-y-colegio-el-pilar-estuvieron-en-congreso-regional-de-explora-2026\/20260826_155500\/'><img loading=\"lazy\" decoding=\"async\" width=\"800\" height=\"800\" src=\"https:\/\/www.fundacionelpilar.cl\/web\/wp-content\/uploads\/2026\/08\/20260826_155500-1024x1024.jpg\" class=\"attachment-large size-large\" alt=\"\" srcset=\"https:\/\/www.fundacionelpilar.cl\/web\/wp-content\/uploads\/2026\/08\/20260826_155500-1024x1024.jpg 1024w, https:\/\/www.fundacionelpilar.cl\/web\/wp-content\/uploads\/2026\/08\/20260826_155500-300x300.jpg 300w, https:\/\/www.fundacionelpilar.cl\/web\/wp-content\/uploads\/2026\/08\/20260826_155500-150x150.jpg 150w, https:\/\/www.fundacionelpilar.cl\/web\/wp-content\/uploads\/2026\/08\/20260826_155500-768x768.jpg 768w, https:\/\/www.fundacionelpilar.cl\/web\/wp-content\/uploads\/2026\/08\/20260826_155500-1536x1536.jpg 1536w, https:\/\/www.fundacionelpilar.cl\/web\/wp-content\/uploads\/2026\/08\/20260826_155500-2048x2048.jpg 2048w\" sizes=\"(max-width: 800px) 100vw, 800px\" \/><\/a>\n\t\t\t<\/div><\/figure><figure class='gallery-item'>\n\t\t\t<div class='gallery-icon landscape'>\n\t\t\t\t<a href='https:\/\/www.fundacionelpilar.cl\/web\/liceo-y-colegio-el-pilar-estuvieron-en-congreso-regional-de-explora-2026\/20260826_155701\/'><img loading=\"lazy\" decoding=\"async\" width=\"800\" height=\"800\" src=\"https:\/\/www.fundacionelpilar.cl\/web\/wp-content\/uploads\/2026\/08\/20260826_155701-1024x1024.jpg\" class=\"attachment-large size-large\" alt=\"\" srcset=\"https:\/\/www.fundacionelpilar.cl\/web\/wp-content\/uploads\/2026\/08\/20260826_155701-1024x1024.jpg 1024w, https:\/\/www.fundacionelpilar.cl\/web\/wp-content\/uploads\/2026\/08\/20260826_155701-300x300.jpg 300w, https:\/\/www.fundacionelpilar.cl\/web\/wp-content\/uploads\/2026\/08\/20260826_155701-150x150.jpg 150w, https:\/\/www.fundacionelpilar.cl\/web\/wp-content\/uploads\/2026\/08\/20260826_155701-768x768.jpg 768w, https:\/\/www.fundacionelpilar.cl\/web\/wp-content\/uploads\/2026\/08\/20260826_155701-1536x1536.jpg 1536w, https:\/\/www.fundacionelpilar.cl\/web\/wp-content\/uploads\/2026\/08\/20260826_155701-2048x2048.jpg 2048w\" sizes=\"(max-width: 800px) 100vw, 800px\" \/><\/a>\n\t\t\t<\/div><\/figure><figure class='gallery-item'>\n\t\t\t<div class='gallery-icon landscape'>\n\t\t\t\t<a href='https:\/\/www.fundacionelpilar.cl\/web\/liceo-y-colegio-el-pilar-estuvieron-en-congreso-regional-de-explora-2026\/20260826_155841\/'><img loading=\"lazy\" decoding=\"async\" width=\"800\" height=\"800\" src=\"https:\/\/www.fundacionelpilar.cl\/web\/wp-content\/uploads\/2026\/08\/20260826_155841-1024x1024.jpg\" class=\"attachment-large size-large\" alt=\"\" srcset=\"https:\/\/www.fundacionelpilar.cl\/web\/wp-content\/uploads\/2026\/08\/20260826_155841-1024x1024.jpg 1024w, https:\/\/www.fundacionelpilar.cl\/web\/wp-content\/uploads\/2026\/08\/20260826_155841-300x300.jpg 300w, https:\/\/www.fundacionelpilar.cl\/web\/wp-content\/uploads\/2026\/08\/20260826_155841-150x150.jpg 150w, https:\/\/www.fundacionelpilar.cl\/web\/wp-content\/uploads\/2026\/08\/20260826_155841-768x768.jpg 768w, https:\/\/www.fundacionelpilar.cl\/web\/wp-content\/uploads\/2026\/08\/20260826_155841-1536x1536.jpg 1536w, https:\/\/www.fundacionelpilar.cl\/web\/wp-content\/uploads\/2026\/08\/20260826_155841-2048x2048.jpg 2048w\" sizes=\"(max-width: 800px) 100vw, 800px\" \/><\/a>\n\t\t\t<\/div><\/figure><figure class='gallery-item'>\n\t\t\t<div class='gallery-icon landscape'>\n\t\t\t\t<a href='https:\/\/www.fundacionelpilar.cl\/web\/liceo-y-colegio-el-pilar-estuvieron-en-congreso-regional-de-explora-2026\/20260826_155942\/'><img loading=\"lazy\" decoding=\"async\" width=\"800\" height=\"800\" src=\"https:\/\/www.fundacionelpilar.cl\/web\/wp-content\/uploads\/2026\/08\/20260826_155942-1024x1024.jpg\" class=\"attachment-large size-large\" alt=\"\" srcset=\"https:\/\/www.fundacionelpilar.cl\/web\/wp-content\/uploads\/2026\/08\/20260826_155942-1024x1024.jpg 1024w, https:\/\/www.fundacionelpilar.cl\/web\/wp-content\/uploads\/2026\/08\/20260826_155942-300x300.jpg 300w, https:\/\/www.fundacionelpilar.cl\/web\/wp-content\/uploads\/2026\/08\/20260826_155942-150x150.jpg 150w, https:\/\/www.fundacionelpilar.cl\/web\/wp-content\/uploads\/2026\/08\/20260826_155942-768x768.jpg 768w, https:\/\/www.fundacionelpilar.cl\/web\/wp-content\/uploads\/2026\/08\/20260826_155942-1536x1536.jpg 1536w, https:\/\/www.fundacionelpilar.cl\/web\/wp-content\/uploads\/2026\/08\/20260826_155942-2048x2048.jpg 2048w\" sizes=\"(max-width: 800px) 100vw, 800px\" \/><\/a>\n\t\t\t<\/div><\/figure><figure class='gallery-item'>\n\t\t\t<div class='gallery-icon landscape'>\n\t\t\t\t<a href='https:\/\/www.fundacionelpilar.cl\/web\/liceo-y-colegio-el-pilar-estuvieron-en-congreso-regional-de-explora-2026\/20260826_160058\/'><img loading=\"lazy\" decoding=\"async\" width=\"800\" height=\"800\" src=\"https:\/\/www.fundacionelpilar.cl\/web\/wp-content\/uploads\/2026\/08\/20260826_160058-1024x1024.jpg\" class=\"attachment-large size-large\" alt=\"\" srcset=\"https:\/\/www.fundacionelpilar.cl\/web\/wp-content\/uploads\/2026\/08\/20260826_160058-1024x1024.jpg 1024w, https:\/\/www.fundacionelpilar.cl\/web\/wp-content\/uploads\/2026\/08\/20260826_160058-300x300.jpg 300w, https:\/\/www.fundacionelpilar.cl\/web\/wp-content\/uploads\/2026\/08\/20260826_160058-150x150.jpg 150w, https:\/\/www.fundacionelpilar.cl\/web\/wp-content\/uploads\/2026\/08\/20260826_160058-768x768.jpg 768w, https:\/\/www.fundacionelpilar.cl\/web\/wp-content\/uploads\/2026\/08\/20260826_160058-1536x1536.jpg 1536w, https:\/\/www.fundacionelpilar.cl\/web\/wp-content\/uploads\/2026\/08\/20260826_160058-2048x2048.jpg 2048w\" sizes=\"(max-width: 800px) 100vw, 800px\" \/><\/a>\n\t\t\t<\/div><\/figure><figure class='gallery-item'>\n\t\t\t<div class='gallery-icon portrait'>\n\t\t\t\t<a href='https:\/\/www.fundacionelpilar.cl\/web\/liceo-y-colegio-el-pilar-estuvieron-en-congreso-regional-de-explora-2026\/img-20260827-wa0038\/'><img loading=\"lazy\" decoding=\"async\" width=\"576\" height=\"1024\" src=\"https:\/\/www.fundacionelpilar.cl\/web\/wp-content\/uploads\/2026\/08\/IMG-20260827-WA0038-576x1024.jpg\" class=\"attachment-large size-large\" alt=\"\" aria-describedby=\"gallery-2-15655\" srcset=\"https:\/\/www.fundacionelpilar.cl\/web\/wp-content\/uploads\/2026\/08\/IMG-20260827-WA0038-576x1024.jpg 576w, https:\/\/www.fundacionelpilar.cl\/web\/wp-content\/uploads\/2026\/08\/IMG-20260827-WA0038-169x300.jpg 169w, https:\/\/www.fundacionelpilar.cl\/web\/wp-content\/uploads\/2026\/08\/IMG-20260827-WA0038-768x1366.jpg 768w, https:\/\/www.fundacionelpilar.cl\/web\/wp-content\/uploads\/2026\/08\/IMG-20260827-WA0038-864x1536.jpg 864w, https:\/\/www.fundacionelpilar.cl\/web\/wp-content\/uploads\/2026\/08\/IMG-20260827-WA0038.jpg 899w\" sizes=\"(max-width: 576px) 100vw, 576px\" \/><\/a>\n\t\t\t<\/div>\n\t\t\t\t<figcaption class='wp-caption-text gallery-caption' id='gallery-2-15655'>\n\t\t\t\tVicente y Esteban del Colegio El Pilar\n\t\t\t\t<\/figcaption><\/figure>\n\t\t<\/div>\n\n<\/div>\n<div class=\"x14z9mp xat24cr x1lziwak x1vvkbs xtlvy1s x126k92a\">\n<h6 dir=\"auto\"><\/h6>\n<div dir=\"auto\">Nuestros alumnos de ambos equipos se unieron igualmente a la charla introductoria y recorrido guiado denominado \u00abSantuario de la Naturaleza Bosque F\u00f3sil de Punta Pelluco\u00bb, a cargo de Ricardo \u00c1lvarez antrop\u00f3logo y director de la escuela de Arqueolog\u00eda Uach, Sede Puerto Montt.<\/div>\n<h6 dir=\"auto\"><\/h6>\n<\/div>\n<div class=\"x14z9mp xat24cr x1lziwak x1vvkbs xtlvy1s x126k92a\">\n<div dir=\"auto\">Desde ya nuestras felicitaciones a cada equipo del Pilar que se sum\u00f3 a estos d\u00edas de ciencia, colaboraci\u00f3n, exploraci\u00f3n y aprendizaje.<\/div>\n<h6 dir=\"auto\"><\/h6>\n<\/div>\n<div class=\"x14z9mp xat24cr x1lziwak x1vvkbs xtlvy1s x126k92a\">\n<blockquote>\n<h5 dir=\"auto\" style=\"text-align: center;\"><strong>Fundaci\u00f3n El Pilar de Ancud: 73 a\u00f1os formando personas \u00edntegras, comprometidas con el desarrollo de la sociedad, el cuidado de la Vida y de la madre tierra.\u00a0<\/strong><\/h5>\n<\/blockquote>\n<h6 dir=\"auto\"><\/h6>\n<\/div>\n","protected":false},"excerpt":{"rendered":"<p>Estudiantes de b\u00e1sica y media participaron en instancia que re\u00fane la investigaci\u00f3n e innovaci\u00f3n escolar.<\/p>\n","protected":false},"author":5,"featured_media":15649,"comment_status":"closed","ping_status":"closed","sticky":false,"template":"","format":"standard","meta":{"footnotes":""},"categories":[9],"tags":[],"class_list":["post-15648","post","type-post","status-publish","format-standard","has-post-thumbnail","hentry","category-corporativo"],"_links":{"self":[{"href":"https:\/\/www.fundacionelpilar.cl\/web\/wp-json\/wp\/v2\/posts\/15648","targetHints":{"allow":["GET"]}}],"collection":[{"href":"https:\/\/www.fundacionelpilar.cl\/web\/wp-json\/wp\/v2\/posts"}],"about":[{"href":"https:\/\/www.fundacionelpilar.cl\/web\/wp-json\/wp\/v2\/types\/post"}],"author":[{"embeddable":true,"href":"https:\/\/www.fundacionelpilar.cl\/web\/wp-json\/wp\/v2\/users\/5"}],"replies":[{"embeddable":true,"href":"https:\/\/www.fundacionelpilar.cl\/web\/wp-json\/wp\/v2\/comments?post=15648"}],"version-history":[{"count":3,"href":"https:\/\/www.fundacionelpilar.cl\/web\/wp-json\/wp\/v2\/posts\/15648\/revisions"}],"predecessor-version":[{"id":15664,"href":"https:\/\/www.fundacionelpilar.cl\/web\/wp-json\/wp\/v2\/posts\/15648\/revisions\/15664"}],"wp:featuredmedia":[{"embeddable":true,"href":"https:\/\/www.fundacionelpilar.cl\/web\/wp-json\/wp\/v2\/media\/15649"}],"wp:attachment":[{"href":"https:\/\/www.fundacionelpilar.cl\/web\/wp-json\/wp\/v2\/media?parent=15648"}],"wp:term":[{"taxonomy":"category","embeddable":true,"href":"https:\/\/www.fundacionelpilar.cl\/web\/wp-json\/wp\/v2\/categories?post=15648"},{"taxonomy":"post_tag","embeddable":true,"href":"https:\/\/www.fundacionelpilar.cl\/web\/wp-json\/wp\/v2\/tags?post=15648"}],"curies":[{"name":"wp","href":"https:\/\/api.w.org\/{rel}","templated":true}]}}