{"id":15633,"date":"2026-08-31T16:14:59","date_gmt":"2026-08-31T16:14:59","guid":{"rendered":"https:\/\/www.fundacionelpilar.cl\/web\/?p=15633"},"modified":"2026-08-31T16:14:59","modified_gmt":"2026-08-31T16:14:59","slug":"estudiantes-investigaron-en-el-museo-regional-de-ancud","status":"publish","type":"post","link":"https:\/\/www.fundacionelpilar.cl\/web\/estudiantes-investigaron-en-el-museo-regional-de-ancud\/","title":{"rendered":"Estudiantes investigaron en el Museo Regional de Ancud"},"content":{"rendered":"<div class=\"x14z9mp xat24cr x1lziwak x1vvkbs xtlvy1s x126k92a\">\n<h6 dir=\"auto\"><strong>Alumnos de los sextos b\u00e1sicos \u00abA\u00bb y \u00abB\u00bb recorrieron el lugar para revisar colecciones e informaciones.<\/strong><\/h6>\n<div dir=\"auto\"><\/div>\n<div dir=\"auto\"><\/div>\n<\/div>\n<p><!--more--><\/p>\n<h6 dir=\"auto\"><\/h6>\n<div class=\"x14z9mp xat24cr x1lziwak x1vvkbs xtlvy1s x126k92a\">\n<div dir=\"auto\">Los sextos b\u00e1sicos del Colegio El Pilar, en el marco de la asignatura de historia, visitaron los pasados d\u00edas el Museo regional de Ancud.<\/div>\n<h6 dir=\"auto\"><\/h6>\n<\/div>\n<div class=\"x14z9mp xat24cr x1lziwak x1vvkbs xtlvy1s x126k92a\">\n<div dir=\"auto\">El objetivo, seg\u00fan coment\u00f3 el profesor Oscar Lopez, era que los estudiantes pudieran investigar y conocer m\u00e1s sobre importantes acontecimientos del siglo XIX vinculados a Chile y Chilo\u00e9 como la Anexi\u00f3n de Chilo\u00e9 a Chile, la traves\u00eda de la Goleta Ancud, la ocupaci\u00f3n del Estrecho de Magallanes, y los Juicios a la Recta Provincia.<\/div>\n<h6 dir=\"auto\"><\/h6>\n<\/div>\n<div class=\"x14z9mp xat24cr x1lziwak x1vvkbs xtlvy1s x126k92a\">\n<div dir=\"auto\">Durante la visita, los estudiantes recorrieron el museo, observaron fuentes, objetos hist\u00f3ricos y registraron informaci\u00f3n para complementar sus investigaciones realizadas en clases.<\/div>\n<h6 dir=\"auto\"><\/h6>\n<\/div>\n<div class=\"x14z9mp xat24cr x1lziwak x1vvkbs xtlvy1s x126k92a\">\n<div dir=\"auto\">Agradecemos especialmente a las madres, padres y apoderados de ambos cursos (6\u00b0 A y 6\u00b0 B) por acompa\u00f1ar y apoyar a nuestros alumnos en este proceso, ayud\u00e1ndolos a investigar, conocer y valorar cada vez m\u00e1s la historia de nuestra Isla.<\/div>\n<h6 dir=\"auto\"><\/h6>\n<\/div>\n<div class=\"x14z9mp xat24cr x1lziwak x1vvkbs xtlvy1s x126k92a\">\n<div dir=\"auto\">La experiencia busca fortalecer el v\u00ednculo con nuestro patrimonio y nuestra historia, en el marco de la conmemoraci\u00f3n del Bicentenario de Chilo\u00e9.<\/div>\n<div id='gallery-1' class='gallery galleryid-15633 gallery-columns-3 gallery-size-large'><figure class='gallery-item'>\n\t\t\t<div class='gallery-icon landscape'>\n\t\t\t\t<a href='https:\/\/www.fundacionelpilar.cl\/web\/estudiantes-investigaron-en-el-museo-regional-de-ancud\/3fb413f9-24fb-4650-b3f7-d17ac4a8dc76\/'><img fetchpriority=\"high\" decoding=\"async\" width=\"800\" height=\"600\" src=\"https:\/\/www.fundacionelpilar.cl\/web\/wp-content\/uploads\/2026\/08\/3fb413f9-24fb-4650-b3f7-d17ac4a8dc76-1024x768.jpeg\" class=\"attachment-large size-large\" alt=\"\" srcset=\"https:\/\/www.fundacionelpilar.cl\/web\/wp-content\/uploads\/2026\/08\/3fb413f9-24fb-4650-b3f7-d17ac4a8dc76-1024x768.jpeg 1024w, https:\/\/www.fundacionelpilar.cl\/web\/wp-content\/uploads\/2026\/08\/3fb413f9-24fb-4650-b3f7-d17ac4a8dc76-300x225.jpeg 300w, https:\/\/www.fundacionelpilar.cl\/web\/wp-content\/uploads\/2026\/08\/3fb413f9-24fb-4650-b3f7-d17ac4a8dc76-768x576.jpeg 768w, https:\/\/www.fundacionelpilar.cl\/web\/wp-content\/uploads\/2026\/08\/3fb413f9-24fb-4650-b3f7-d17ac4a8dc76.jpeg 1296w\" sizes=\"(max-width: 800px) 100vw, 800px\" \/><\/a>\n\t\t\t<\/div><\/figure><figure class='gallery-item'>\n\t\t\t<div class='gallery-icon landscape'>\n\t\t\t\t<a href='https:\/\/www.fundacionelpilar.cl\/web\/estudiantes-investigaron-en-el-museo-regional-de-ancud\/5f8d0094-af92-47bc-a7b7-2f5ca6b6001d\/'><img decoding=\"async\" width=\"800\" height=\"600\" src=\"https:\/\/www.fundacionelpilar.cl\/web\/wp-content\/uploads\/2026\/08\/5f8d0094-af92-47bc-a7b7-2f5ca6b6001d-1024x768.jpg\" class=\"attachment-large size-large\" alt=\"\" srcset=\"https:\/\/www.fundacionelpilar.cl\/web\/wp-content\/uploads\/2026\/08\/5f8d0094-af92-47bc-a7b7-2f5ca6b6001d-1024x768.jpg 1024w, https:\/\/www.fundacionelpilar.cl\/web\/wp-content\/uploads\/2026\/08\/5f8d0094-af92-47bc-a7b7-2f5ca6b6001d-300x225.jpg 300w, https:\/\/www.fundacionelpilar.cl\/web\/wp-content\/uploads\/2026\/08\/5f8d0094-af92-47bc-a7b7-2f5ca6b6001d-768x576.jpg 768w, https:\/\/www.fundacionelpilar.cl\/web\/wp-content\/uploads\/2026\/08\/5f8d0094-af92-47bc-a7b7-2f5ca6b6001d-1536x1152.jpg 1536w, https:\/\/www.fundacionelpilar.cl\/web\/wp-content\/uploads\/2026\/08\/5f8d0094-af92-47bc-a7b7-2f5ca6b6001d.jpg 1600w\" sizes=\"(max-width: 800px) 100vw, 800px\" \/><\/a>\n\t\t\t<\/div><\/figure><figure class='gallery-item'>\n\t\t\t<div class='gallery-icon landscape'>\n\t\t\t\t<a href='https:\/\/www.fundacionelpilar.cl\/web\/estudiantes-investigaron-en-el-museo-regional-de-ancud\/attachment\/60135\/'><img decoding=\"async\" width=\"800\" height=\"451\" src=\"https:\/\/www.fundacionelpilar.cl\/web\/wp-content\/uploads\/2026\/08\/60135-1024x577.jpg\" class=\"attachment-large size-large\" alt=\"\" srcset=\"https:\/\/www.fundacionelpilar.cl\/web\/wp-content\/uploads\/2026\/08\/60135-1024x577.jpg 1024w, https:\/\/www.fundacionelpilar.cl\/web\/wp-content\/uploads\/2026\/08\/60135-300x169.jpg 300w, https:\/\/www.fundacionelpilar.cl\/web\/wp-content\/uploads\/2026\/08\/60135-768x432.jpg 768w, https:\/\/www.fundacionelpilar.cl\/web\/wp-content\/uploads\/2026\/08\/60135-1536x865.jpg 1536w, https:\/\/www.fundacionelpilar.cl\/web\/wp-content\/uploads\/2026\/08\/60135.jpg 1600w\" sizes=\"(max-width: 800px) 100vw, 800px\" \/><\/a>\n\t\t\t<\/div><\/figure><figure class='gallery-item'>\n\t\t\t<div class='gallery-icon landscape'>\n\t\t\t\t<a href='https:\/\/www.fundacionelpilar.cl\/web\/estudiantes-investigaron-en-el-museo-regional-de-ancud\/20260624_165135\/'><img loading=\"lazy\" decoding=\"async\" width=\"800\" height=\"600\" src=\"https:\/\/www.fundacionelpilar.cl\/web\/wp-content\/uploads\/2026\/08\/20260624_165135-1024x768.jpg\" class=\"attachment-large size-large\" alt=\"\" srcset=\"https:\/\/www.fundacionelpilar.cl\/web\/wp-content\/uploads\/2026\/08\/20260624_165135-1024x768.jpg 1024w, https:\/\/www.fundacionelpilar.cl\/web\/wp-content\/uploads\/2026\/08\/20260624_165135-300x225.jpg 300w, https:\/\/www.fundacionelpilar.cl\/web\/wp-content\/uploads\/2026\/08\/20260624_165135-768x576.jpg 768w, https:\/\/www.fundacionelpilar.cl\/web\/wp-content\/uploads\/2026\/08\/20260624_165135-1536x1152.jpg 1536w, https:\/\/www.fundacionelpilar.cl\/web\/wp-content\/uploads\/2026\/08\/20260624_165135-2048x1536.jpg 2048w\" sizes=\"(max-width: 800px) 100vw, 800px\" \/><\/a>\n\t\t\t<\/div><\/figure><figure class='gallery-item'>\n\t\t\t<div class='gallery-icon landscape'>\n\t\t\t\t<a href='https:\/\/www.fundacionelpilar.cl\/web\/estudiantes-investigaron-en-el-museo-regional-de-ancud\/attachment\/1000593656\/'><img loading=\"lazy\" decoding=\"async\" width=\"800\" height=\"600\" src=\"https:\/\/www.fundacionelpilar.cl\/web\/wp-content\/uploads\/2026\/08\/1000593656-1024x768.jpg\" class=\"attachment-large size-large\" alt=\"\" srcset=\"https:\/\/www.fundacionelpilar.cl\/web\/wp-content\/uploads\/2026\/08\/1000593656-1024x768.jpg 1024w, https:\/\/www.fundacionelpilar.cl\/web\/wp-content\/uploads\/2026\/08\/1000593656-300x225.jpg 300w, https:\/\/www.fundacionelpilar.cl\/web\/wp-content\/uploads\/2026\/08\/1000593656-768x576.jpg 768w, https:\/\/www.fundacionelpilar.cl\/web\/wp-content\/uploads\/2026\/08\/1000593656-1536x1152.jpg 1536w, https:\/\/www.fundacionelpilar.cl\/web\/wp-content\/uploads\/2026\/08\/1000593656-2048x1536.jpg 2048w\" sizes=\"(max-width: 800px) 100vw, 800px\" \/><\/a>\n\t\t\t<\/div><\/figure><figure class='gallery-item'>\n\t\t\t<div class='gallery-icon landscape'>\n\t\t\t\t<a href='https:\/\/www.fundacionelpilar.cl\/web\/estudiantes-investigaron-en-el-museo-regional-de-ancud\/anexion-de-chiloe\/'><img loading=\"lazy\" decoding=\"async\" width=\"800\" height=\"450\" src=\"https:\/\/www.fundacionelpilar.cl\/web\/wp-content\/uploads\/2026\/08\/Anexion-de-Chiloe-1024x576.jpeg\" class=\"attachment-large size-large\" alt=\"\" srcset=\"https:\/\/www.fundacionelpilar.cl\/web\/wp-content\/uploads\/2026\/08\/Anexion-de-Chiloe-1024x576.jpeg 1024w, https:\/\/www.fundacionelpilar.cl\/web\/wp-content\/uploads\/2026\/08\/Anexion-de-Chiloe-300x169.jpeg 300w, https:\/\/www.fundacionelpilar.cl\/web\/wp-content\/uploads\/2026\/08\/Anexion-de-Chiloe-768x432.jpeg 768w, https:\/\/www.fundacionelpilar.cl\/web\/wp-content\/uploads\/2026\/08\/Anexion-de-Chiloe-1536x864.jpeg 1536w, https:\/\/www.fundacionelpilar.cl\/web\/wp-content\/uploads\/2026\/08\/Anexion-de-Chiloe.jpeg 1600w\" sizes=\"(max-width: 800px) 100vw, 800px\" \/><\/a>\n\t\t\t<\/div><\/figure><figure class='gallery-item'>\n\t\t\t<div class='gallery-icon portrait'>\n\t\t\t\t<a href='https:\/\/www.fundacionelpilar.cl\/web\/estudiantes-investigaron-en-el-museo-regional-de-ancud\/imagen1\/'><img loading=\"lazy\" decoding=\"async\" width=\"732\" height=\"975\" src=\"https:\/\/www.fundacionelpilar.cl\/web\/wp-content\/uploads\/2026\/08\/Imagen1.jpg\" class=\"attachment-large size-large\" alt=\"\" srcset=\"https:\/\/www.fundacionelpilar.cl\/web\/wp-content\/uploads\/2026\/08\/Imagen1.jpg 732w, https:\/\/www.fundacionelpilar.cl\/web\/wp-content\/uploads\/2026\/08\/Imagen1-225x300.jpg 225w\" sizes=\"(max-width: 732px) 100vw, 732px\" \/><\/a>\n\t\t\t<\/div><\/figure><figure class='gallery-item'>\n\t\t\t<div class='gallery-icon portrait'>\n\t\t\t\t<a href='https:\/\/www.fundacionelpilar.cl\/web\/estudiantes-investigaron-en-el-museo-regional-de-ancud\/imagen2\/'><img loading=\"lazy\" decoding=\"async\" width=\"645\" height=\"1024\" src=\"https:\/\/www.fundacionelpilar.cl\/web\/wp-content\/uploads\/2026\/08\/Imagen2-645x1024.jpg\" class=\"attachment-large size-large\" alt=\"\" srcset=\"https:\/\/www.fundacionelpilar.cl\/web\/wp-content\/uploads\/2026\/08\/Imagen2-645x1024.jpg 645w, https:\/\/www.fundacionelpilar.cl\/web\/wp-content\/uploads\/2026\/08\/Imagen2-189x300.jpg 189w, https:\/\/www.fundacionelpilar.cl\/web\/wp-content\/uploads\/2026\/08\/Imagen2.jpg 746w\" sizes=\"(max-width: 645px) 100vw, 645px\" \/><\/a>\n\t\t\t<\/div><\/figure><figure class='gallery-item'>\n\t\t\t<div class='gallery-icon portrait'>\n\t\t\t\t<a href='https:\/\/www.fundacionelpilar.cl\/web\/estudiantes-investigaron-en-el-museo-regional-de-ancud\/img_8338\/'><img loading=\"lazy\" decoding=\"async\" width=\"768\" height=\"1024\" src=\"https:\/\/www.fundacionelpilar.cl\/web\/wp-content\/uploads\/2026\/08\/IMG_8338-768x1024.jpeg\" class=\"attachment-large size-large\" alt=\"\" srcset=\"https:\/\/www.fundacionelpilar.cl\/web\/wp-content\/uploads\/2026\/08\/IMG_8338-768x1024.jpeg 768w, https:\/\/www.fundacionelpilar.cl\/web\/wp-content\/uploads\/2026\/08\/IMG_8338-225x300.jpeg 225w, https:\/\/www.fundacionelpilar.cl\/web\/wp-content\/uploads\/2026\/08\/IMG_8338-1152x1536.jpeg 1152w, https:\/\/www.fundacionelpilar.cl\/web\/wp-content\/uploads\/2026\/08\/IMG_8338-1536x2048.jpeg 1536w, https:\/\/www.fundacionelpilar.cl\/web\/wp-content\/uploads\/2026\/08\/IMG_8338-scaled.jpeg 1920w\" sizes=\"(max-width: 768px) 100vw, 768px\" \/><\/a>\n\t\t\t<\/div><\/figure><figure class='gallery-item'>\n\t\t\t<div class='gallery-icon portrait'>\n\t\t\t\t<a href='https:\/\/www.fundacionelpilar.cl\/web\/estudiantes-investigaron-en-el-museo-regional-de-ancud\/img-20260627-wa0136\/'><img loading=\"lazy\" decoding=\"async\" width=\"768\" height=\"1024\" src=\"https:\/\/www.fundacionelpilar.cl\/web\/wp-content\/uploads\/2026\/08\/IMG-20260627-WA0136-768x1024.jpg\" class=\"attachment-large size-large\" alt=\"\" srcset=\"https:\/\/www.fundacionelpilar.cl\/web\/wp-content\/uploads\/2026\/08\/IMG-20260627-WA0136-768x1024.jpg 768w, https:\/\/www.fundacionelpilar.cl\/web\/wp-content\/uploads\/2026\/08\/IMG-20260627-WA0136-225x300.jpg 225w, https:\/\/www.fundacionelpilar.cl\/web\/wp-content\/uploads\/2026\/08\/IMG-20260627-WA0136-1152x1536.jpg 1152w, https:\/\/www.fundacionelpilar.cl\/web\/wp-content\/uploads\/2026\/08\/IMG-20260627-WA0136.jpg 1200w\" sizes=\"(max-width: 768px) 100vw, 768px\" \/><\/a>\n\t\t\t<\/div><\/figure><figure class='gallery-item'>\n\t\t\t<div class='gallery-icon landscape'>\n\t\t\t\t<a href='https:\/\/www.fundacionelpilar.cl\/web\/estudiantes-investigaron-en-el-museo-regional-de-ancud\/museo3\/'><img loading=\"lazy\" decoding=\"async\" width=\"800\" height=\"780\" src=\"https:\/\/www.fundacionelpilar.cl\/web\/wp-content\/uploads\/2026\/08\/MUSEO3-1024x999.jpg\" class=\"attachment-large size-large\" alt=\"\" srcset=\"https:\/\/www.fundacionelpilar.cl\/web\/wp-content\/uploads\/2026\/08\/MUSEO3-1024x999.jpg 1024w, https:\/\/www.fundacionelpilar.cl\/web\/wp-content\/uploads\/2026\/08\/MUSEO3-300x293.jpg 300w, https:\/\/www.fundacionelpilar.cl\/web\/wp-content\/uploads\/2026\/08\/MUSEO3-768x749.jpg 768w, https:\/\/www.fundacionelpilar.cl\/web\/wp-content\/uploads\/2026\/08\/MUSEO3-1536x1498.jpg 1536w, https:\/\/www.fundacionelpilar.cl\/web\/wp-content\/uploads\/2026\/08\/MUSEO3-2048x1998.jpg 2048w\" sizes=\"(max-width: 800px) 100vw, 800px\" \/><\/a>\n\t\t\t<\/div><\/figure><figure class='gallery-item'>\n\t\t\t<div class='gallery-icon portrait'>\n\t\t\t\t<a href='https:\/\/www.fundacionelpilar.cl\/web\/estudiantes-investigaron-en-el-museo-regional-de-ancud\/whatsapp-image-2026-06-30-at-10-03-24-pm\/'><img loading=\"lazy\" decoding=\"async\" width=\"768\" height=\"1024\" src=\"https:\/\/www.fundacionelpilar.cl\/web\/wp-content\/uploads\/2026\/08\/WhatsApp-Image-2026-06-30-at-10.03.24-PM-768x1024.jpeg\" class=\"attachment-large size-large\" alt=\"\" srcset=\"https:\/\/www.fundacionelpilar.cl\/web\/wp-content\/uploads\/2026\/08\/WhatsApp-Image-2026-06-30-at-10.03.24-PM-768x1024.jpeg 768w, https:\/\/www.fundacionelpilar.cl\/web\/wp-content\/uploads\/2026\/08\/WhatsApp-Image-2026-06-30-at-10.03.24-PM-225x300.jpeg 225w, https:\/\/www.fundacionelpilar.cl\/web\/wp-content\/uploads\/2026\/08\/WhatsApp-Image-2026-06-30-at-10.03.24-PM-1152x1536.jpeg 1152w, https:\/\/www.fundacionelpilar.cl\/web\/wp-content\/uploads\/2026\/08\/WhatsApp-Image-2026-06-30-at-10.03.24-PM.jpeg 1200w\" sizes=\"(max-width: 768px) 100vw, 768px\" \/><\/a>\n\t\t\t<\/div><\/figure>\n\t\t<\/div>\n\n<\/div>\n<div class=\"x14z9mp xat24cr x1lziwak x1vvkbs xtlvy1s x126k92a\">\n<blockquote>\n<h5 dir=\"auto\" style=\"text-align: center;\"><strong>Fundaci\u00f3n El Pilar de Ancud: 73 a\u00f1os formando personas \u00edntegras, comprometidas con el desarrollo de la sociedad, el cuidado de la Vida y de la madre tierra.<\/strong><\/h5>\n<\/blockquote>\n<h6 dir=\"auto\"><\/h6>\n<\/div>\n","protected":false},"excerpt":{"rendered":"<p>Alumnos de los sextos b\u00e1sicos \u00abA\u00bb y \u00abB\u00bb recorrieron el lugar para revisar colecciones e informaciones.<\/p>\n","protected":false},"author":5,"featured_media":15634,"comment_status":"closed","ping_status":"closed","sticky":false,"template":"","format":"standard","meta":{"footnotes":""},"categories":[10],"tags":[],"class_list":["post-15633","post","type-post","status-publish","format-standard","has-post-thumbnail","hentry","category-colegio"],"_links":{"self":[{"href":"https:\/\/www.fundacionelpilar.cl\/web\/wp-json\/wp\/v2\/posts\/15633","targetHints":{"allow":["GET"]}}],"collection":[{"href":"https:\/\/www.fundacionelpilar.cl\/web\/wp-json\/wp\/v2\/posts"}],"about":[{"href":"https:\/\/www.fundacionelpilar.cl\/web\/wp-json\/wp\/v2\/types\/post"}],"author":[{"embeddable":true,"href":"https:\/\/www.fundacionelpilar.cl\/web\/wp-json\/wp\/v2\/users\/5"}],"replies":[{"embeddable":true,"href":"https:\/\/www.fundacionelpilar.cl\/web\/wp-json\/wp\/v2\/comments?post=15633"}],"version-history":[{"count":1,"href":"https:\/\/www.fundacionelpilar.cl\/web\/wp-json\/wp\/v2\/posts\/15633\/revisions"}],"predecessor-version":[{"id":15647,"href":"https:\/\/www.fundacionelpilar.cl\/web\/wp-json\/wp\/v2\/posts\/15633\/revisions\/15647"}],"wp:featuredmedia":[{"embeddable":true,"href":"https:\/\/www.fundacionelpilar.cl\/web\/wp-json\/wp\/v2\/media\/15634"}],"wp:attachment":[{"href":"https:\/\/www.fundacionelpilar.cl\/web\/wp-json\/wp\/v2\/media?parent=15633"}],"wp:term":[{"taxonomy":"category","embeddable":true,"href":"https:\/\/www.fundacionelpilar.cl\/web\/wp-json\/wp\/v2\/categories?post=15633"},{"taxonomy":"post_tag","embeddable":true,"href":"https:\/\/www.fundacionelpilar.cl\/web\/wp-json\/wp\/v2\/tags?post=15633"}],"curies":[{"name":"wp","href":"https:\/\/api.w.org\/{rel}","templated":true}]}}