{"id":15619,"date":"2026-08-31T15:01:37","date_gmt":"2026-08-31T15:01:37","guid":{"rendered":"https:\/\/www.fundacionelpilar.cl\/web\/?p=15619"},"modified":"2026-08-31T15:04:16","modified_gmt":"2026-08-31T15:04:16","slug":"nueva-promocion-de-estudiantes-del-pilar-recibio-su-titulo-tecnico","status":"publish","type":"post","link":"https:\/\/www.fundacionelpilar.cl\/web\/nueva-promocion-de-estudiantes-del-pilar-recibio-su-titulo-tecnico\/","title":{"rendered":"Nueva promoci\u00f3n de estudiantes del Pilar recibi\u00f3 su t\u00edtulo t\u00e9cnico"},"content":{"rendered":"<div class=\"x14z9mp xat24cr x1lziwak x1vvkbs xtlvy1s x126k92a\">\n<h6 dir=\"auto\">Ceremonia de Titulaci\u00f3n se realiz\u00f3 la tarde del pasado viernes 28 de agosto en el gimnasio de nuestro Liceo Comercial El Pilar.<\/h6>\n<div dir=\"auto\"><\/div>\n<\/div>\n<p><!--more--><\/p>\n<h6 dir=\"auto\"><\/h6>\n<div class=\"x14z9mp xat24cr x1lziwak x1vvkbs xtlvy1s x126k92a\">\n<div dir=\"auto\">La tarde del pasado viernes 28 de agosto se realiz\u00f3 la ceremonia de titulaci\u00f3n T\u00e9cnico Profesional 2026 del Liceo Comercial El Pilar. La instancia vino a cerrar la Semana T\u00e9cnico Profesional que este a\u00f1o se desarroll\u00f3 en el establecimiento.<\/div>\n<div dir=\"auto\"><\/div>\n<\/div>\n<div class=\"x14z9mp xat24cr x1lziwak x1vvkbs xtlvy1s x126k92a\">\n<div dir=\"auto\">El evento se llevo a cabo en el gimnasio del Liceo y cont\u00f3 con la asistencia de los equipos directivos, de gesti\u00f3n, profesores, asistentes de la educaci\u00f3n y las emocionadas familias de los j\u00f3venes que culminaron una importante etapa en sus vidas.<\/div>\n<div dir=\"auto\"><\/div>\n<\/div>\n<div class=\"x14z9mp xat24cr x1lziwak x1vvkbs xtlvy1s x126k92a\">\n<div dir=\"auto\">M\u00e1s de 60 estudiantes que se licenciaron el a\u00f1o pasado recibieron satisfactoriamente su t\u00edtulo t\u00e9cnico de nivel medio de las especialidades de Administraci\u00f3n menci\u00f3n recursos humanos; Servicios de Turismo; Programaci\u00f3n y Gastronom\u00eda menci\u00f3n reposter\u00eda y pasteler\u00eda.<\/div>\n<\/div>\n<div dir=\"auto\"><\/div>\n<div dir=\"auto\" style=\"text-align: left;\"><strong><em>\u00abEste logro es tambi\u00e9n parte de un trabajo compartido&#8230;hoy reciben su t\u00edtulo adem\u00e1s sus familias que los acompa\u00f1aron, sus docentes que les ense\u00f1aron, sus asistentes de la educaci\u00f3n que apoyaron y una comunidad que sostuvo su proceso formativo, todo ello se expresa en nuestro proyecto y en una comunidad educativa en Pastoral, inspirada en la espiritualidad de la encarnaci\u00f3n, que busca formar personas \u00edntegras, respetuosas, solidarias, inclusivas, comprometidas con el cuidado de la vida y de nuestra casa com\u00fan\u00bb<\/em><\/strong>, se\u00f1al\u00f3 el director del Liceo Comercial El Pilar, Sr Marcos San Mart\u00edn Gangas.<\/div>\n<div class=\"x14z9mp xat24cr x1lziwak x1vvkbs xtlvy1s x126k92a\">\n<div dir=\"auto\"><\/div>\n<\/div>\n<div class=\"x14z9mp xat24cr x1lziwak x1vvkbs xtlvy1s x126k92a\">\n<h6 dir=\"auto\">PREMIO TRAYECTORIA PROFESIONAL<\/h6>\n<div dir=\"auto\"><\/div>\n<\/div>\n<div class=\"x14z9mp xat24cr x1lziwak x1vvkbs xtlvy1s x126k92a\">\n<div dir=\"auto\">Todo logro tiene detr\u00e1s esfuerzo, perseverancia y compromiso. Hay estudiantes que, durante su proceso de formaci\u00f3n y pr\u00e1ctica profesional, han demostrado de manera especial estas cualidades, por ello se hicieron merecedores del premio Trayectoria Profesional 2026. Ellos fueron:<\/div>\n<div dir=\"auto\"><\/div>\n<\/div>\n<div class=\"x14z9mp xat24cr x1lziwak x1vvkbs xtlvy1s x126k92a\">\n<h6 dir=\"auto\">Francisco Garc\u00eda \u00c1guila (Administraci\u00f3n)<\/h6>\n<h6 dir=\"auto\">Javiera Alarc\u00f3n Castro (Servicios de Turismo)<\/h6>\n<h6 dir=\"auto\">Sim\u00f3n Vidal Maldonado (Programaci\u00f3n)<\/h6>\n<h6 dir=\"auto\">Sof\u00eda Moreno Biglia (Gastronom\u00eda)<\/h6>\n<h6 dir=\"auto\"><\/h6>\n<\/div>\n<div class=\"x14z9mp xat24cr x1lziwak x1vvkbs xtlvy1s x126k92a\">\n<div dir=\"auto\">Felicitaciones a cada uno y cada una de estos nuevos titulados. Que Dios y la Virgen del Pilar acompa\u00f1en cada unos de sus proyectos que est\u00e9n realizando y piensan materializar.<\/div>\n<div dir=\"auto\"><\/div>\n<\/div>\n<div class=\"x14z9mp xat24cr x1lziwak x1vvkbs xtlvy1s x126k92a\">\n<div dir=\"auto\">Ahora todos uds pasan a formar parte de nuestra historia. Los despedimos y les decimos que vayan, sue\u00f1en, trabajen, sirvan y construyan.<\/div>\n<div dir=\"auto\"><\/div>\n<\/div>\n<div class=\"x14z9mp xat24cr x1lziwak x1vvkbs xtlvy1s x126k92a\">\n<div dir=\"auto\">\u00a1Muchas felicidades!<\/div>\n<h6 dir=\"auto\"><\/h6>\n<\/div>\n<div id='gallery-1' class='gallery galleryid-15619 gallery-columns-5 gallery-size-large'><figure class='gallery-item'>\n\t\t\t<div class='gallery-icon landscape'>\n\t\t\t\t<a href='https:\/\/www.fundacionelpilar.cl\/web\/nueva-promocion-de-estudiantes-del-pilar-recibio-su-titulo-tecnico\/dsc_8874\/'><img fetchpriority=\"high\" decoding=\"async\" width=\"800\" height=\"449\" src=\"https:\/\/www.fundacionelpilar.cl\/web\/wp-content\/uploads\/2026\/08\/DSC_8874-1024x575.jpg\" class=\"attachment-large size-large\" alt=\"\" srcset=\"https:\/\/www.fundacionelpilar.cl\/web\/wp-content\/uploads\/2026\/08\/DSC_8874-1024x575.jpg 1024w, https:\/\/www.fundacionelpilar.cl\/web\/wp-content\/uploads\/2026\/08\/DSC_8874-300x169.jpg 300w, https:\/\/www.fundacionelpilar.cl\/web\/wp-content\/uploads\/2026\/08\/DSC_8874-768x432.jpg 768w, https:\/\/www.fundacionelpilar.cl\/web\/wp-content\/uploads\/2026\/08\/DSC_8874-1536x863.jpg 1536w, https:\/\/www.fundacionelpilar.cl\/web\/wp-content\/uploads\/2026\/08\/DSC_8874.jpg 2000w\" sizes=\"(max-width: 800px) 100vw, 800px\" \/><\/a>\n\t\t\t<\/div><\/figure><figure class='gallery-item'>\n\t\t\t<div class='gallery-icon landscape'>\n\t\t\t\t<a href='https:\/\/www.fundacionelpilar.cl\/web\/nueva-promocion-de-estudiantes-del-pilar-recibio-su-titulo-tecnico\/dsc_8882\/'><img decoding=\"async\" width=\"800\" height=\"449\" src=\"https:\/\/www.fundacionelpilar.cl\/web\/wp-content\/uploads\/2026\/08\/DSC_8882-1024x575.jpg\" class=\"attachment-large size-large\" alt=\"\" srcset=\"https:\/\/www.fundacionelpilar.cl\/web\/wp-content\/uploads\/2026\/08\/DSC_8882-1024x575.jpg 1024w, https:\/\/www.fundacionelpilar.cl\/web\/wp-content\/uploads\/2026\/08\/DSC_8882-300x169.jpg 300w, https:\/\/www.fundacionelpilar.cl\/web\/wp-content\/uploads\/2026\/08\/DSC_8882-768x432.jpg 768w, https:\/\/www.fundacionelpilar.cl\/web\/wp-content\/uploads\/2026\/08\/DSC_8882-1536x863.jpg 1536w, https:\/\/www.fundacionelpilar.cl\/web\/wp-content\/uploads\/2026\/08\/DSC_8882.jpg 2000w\" sizes=\"(max-width: 800px) 100vw, 800px\" \/><\/a>\n\t\t\t<\/div><\/figure><figure class='gallery-item'>\n\t\t\t<div class='gallery-icon portrait'>\n\t\t\t\t<a href='https:\/\/www.fundacionelpilar.cl\/web\/nueva-promocion-de-estudiantes-del-pilar-recibio-su-titulo-tecnico\/dsc_8935\/'><img decoding=\"async\" width=\"575\" height=\"1024\" src=\"https:\/\/www.fundacionelpilar.cl\/web\/wp-content\/uploads\/2026\/08\/DSC_8935-575x1024.jpg\" class=\"attachment-large size-large\" alt=\"\" srcset=\"https:\/\/www.fundacionelpilar.cl\/web\/wp-content\/uploads\/2026\/08\/DSC_8935-575x1024.jpg 575w, https:\/\/www.fundacionelpilar.cl\/web\/wp-content\/uploads\/2026\/08\/DSC_8935-169x300.jpg 169w, https:\/\/www.fundacionelpilar.cl\/web\/wp-content\/uploads\/2026\/08\/DSC_8935-768x1367.jpg 768w, https:\/\/www.fundacionelpilar.cl\/web\/wp-content\/uploads\/2026\/08\/DSC_8935-863x1536.jpg 863w, https:\/\/www.fundacionelpilar.cl\/web\/wp-content\/uploads\/2026\/08\/DSC_8935-1151x2048.jpg 1151w, https:\/\/www.fundacionelpilar.cl\/web\/wp-content\/uploads\/2026\/08\/DSC_8935-scaled.jpg 1438w\" sizes=\"(max-width: 575px) 100vw, 575px\" \/><\/a>\n\t\t\t<\/div><\/figure><figure class='gallery-item'>\n\t\t\t<div class='gallery-icon portrait'>\n\t\t\t\t<a href='https:\/\/www.fundacionelpilar.cl\/web\/nueva-promocion-de-estudiantes-del-pilar-recibio-su-titulo-tecnico\/dsc_8939\/'><img loading=\"lazy\" decoding=\"async\" width=\"575\" height=\"1024\" src=\"https:\/\/www.fundacionelpilar.cl\/web\/wp-content\/uploads\/2026\/08\/DSC_8939-575x1024.jpg\" class=\"attachment-large size-large\" alt=\"\" srcset=\"https:\/\/www.fundacionelpilar.cl\/web\/wp-content\/uploads\/2026\/08\/DSC_8939-575x1024.jpg 575w, https:\/\/www.fundacionelpilar.cl\/web\/wp-content\/uploads\/2026\/08\/DSC_8939-169x300.jpg 169w, https:\/\/www.fundacionelpilar.cl\/web\/wp-content\/uploads\/2026\/08\/DSC_8939-768x1367.jpg 768w, https:\/\/www.fundacionelpilar.cl\/web\/wp-content\/uploads\/2026\/08\/DSC_8939-863x1536.jpg 863w, https:\/\/www.fundacionelpilar.cl\/web\/wp-content\/uploads\/2026\/08\/DSC_8939-1151x2048.jpg 1151w, https:\/\/www.fundacionelpilar.cl\/web\/wp-content\/uploads\/2026\/08\/DSC_8939-scaled.jpg 1438w\" sizes=\"(max-width: 575px) 100vw, 575px\" \/><\/a>\n\t\t\t<\/div><\/figure><figure class='gallery-item'>\n\t\t\t<div class='gallery-icon portrait'>\n\t\t\t\t<a href='https:\/\/www.fundacionelpilar.cl\/web\/nueva-promocion-de-estudiantes-del-pilar-recibio-su-titulo-tecnico\/dsc_8950\/'><img loading=\"lazy\" decoding=\"async\" width=\"575\" height=\"1024\" src=\"https:\/\/www.fundacionelpilar.cl\/web\/wp-content\/uploads\/2026\/08\/DSC_8950-575x1024.jpg\" class=\"attachment-large size-large\" alt=\"\" srcset=\"https:\/\/www.fundacionelpilar.cl\/web\/wp-content\/uploads\/2026\/08\/DSC_8950-575x1024.jpg 575w, https:\/\/www.fundacionelpilar.cl\/web\/wp-content\/uploads\/2026\/08\/DSC_8950-169x300.jpg 169w, https:\/\/www.fundacionelpilar.cl\/web\/wp-content\/uploads\/2026\/08\/DSC_8950-768x1367.jpg 768w, https:\/\/www.fundacionelpilar.cl\/web\/wp-content\/uploads\/2026\/08\/DSC_8950-863x1536.jpg 863w, https:\/\/www.fundacionelpilar.cl\/web\/wp-content\/uploads\/2026\/08\/DSC_8950-1151x2048.jpg 1151w, https:\/\/www.fundacionelpilar.cl\/web\/wp-content\/uploads\/2026\/08\/DSC_8950-scaled.jpg 1438w\" sizes=\"(max-width: 575px) 100vw, 575px\" \/><\/a>\n\t\t\t<\/div><\/figure><figure class='gallery-item'>\n\t\t\t<div class='gallery-icon portrait'>\n\t\t\t\t<a href='https:\/\/www.fundacionelpilar.cl\/web\/nueva-promocion-de-estudiantes-del-pilar-recibio-su-titulo-tecnico\/dsc_8964\/'><img loading=\"lazy\" decoding=\"async\" width=\"575\" height=\"1024\" src=\"https:\/\/www.fundacionelpilar.cl\/web\/wp-content\/uploads\/2026\/08\/DSC_8964-575x1024.jpg\" class=\"attachment-large size-large\" alt=\"\" srcset=\"https:\/\/www.fundacionelpilar.cl\/web\/wp-content\/uploads\/2026\/08\/DSC_8964-575x1024.jpg 575w, https:\/\/www.fundacionelpilar.cl\/web\/wp-content\/uploads\/2026\/08\/DSC_8964-169x300.jpg 169w, https:\/\/www.fundacionelpilar.cl\/web\/wp-content\/uploads\/2026\/08\/DSC_8964-768x1367.jpg 768w, https:\/\/www.fundacionelpilar.cl\/web\/wp-content\/uploads\/2026\/08\/DSC_8964-863x1536.jpg 863w, https:\/\/www.fundacionelpilar.cl\/web\/wp-content\/uploads\/2026\/08\/DSC_8964-1151x2048.jpg 1151w, https:\/\/www.fundacionelpilar.cl\/web\/wp-content\/uploads\/2026\/08\/DSC_8964-scaled.jpg 1438w\" sizes=\"(max-width: 575px) 100vw, 575px\" \/><\/a>\n\t\t\t<\/div><\/figure><figure class='gallery-item'>\n\t\t\t<div class='gallery-icon landscape'>\n\t\t\t\t<a href='https:\/\/www.fundacionelpilar.cl\/web\/nueva-promocion-de-estudiantes-del-pilar-recibio-su-titulo-tecnico\/dsc_8977\/'><img loading=\"lazy\" decoding=\"async\" width=\"800\" height=\"449\" src=\"https:\/\/www.fundacionelpilar.cl\/web\/wp-content\/uploads\/2026\/08\/DSC_8977-1024x575.jpg\" class=\"attachment-large size-large\" alt=\"\" srcset=\"https:\/\/www.fundacionelpilar.cl\/web\/wp-content\/uploads\/2026\/08\/DSC_8977-1024x575.jpg 1024w, https:\/\/www.fundacionelpilar.cl\/web\/wp-content\/uploads\/2026\/08\/DSC_8977-300x169.jpg 300w, https:\/\/www.fundacionelpilar.cl\/web\/wp-content\/uploads\/2026\/08\/DSC_8977-768x432.jpg 768w, https:\/\/www.fundacionelpilar.cl\/web\/wp-content\/uploads\/2026\/08\/DSC_8977-1536x863.jpg 1536w, https:\/\/www.fundacionelpilar.cl\/web\/wp-content\/uploads\/2026\/08\/DSC_8977.jpg 2000w\" sizes=\"(max-width: 800px) 100vw, 800px\" \/><\/a>\n\t\t\t<\/div><\/figure><figure class='gallery-item'>\n\t\t\t<div class='gallery-icon portrait'>\n\t\t\t\t<a href='https:\/\/www.fundacionelpilar.cl\/web\/nueva-promocion-de-estudiantes-del-pilar-recibio-su-titulo-tecnico\/dsc_9005\/'><img loading=\"lazy\" decoding=\"async\" width=\"575\" height=\"1024\" src=\"https:\/\/www.fundacionelpilar.cl\/web\/wp-content\/uploads\/2026\/08\/DSC_9005-575x1024.jpg\" class=\"attachment-large size-large\" alt=\"\" srcset=\"https:\/\/www.fundacionelpilar.cl\/web\/wp-content\/uploads\/2026\/08\/DSC_9005-575x1024.jpg 575w, https:\/\/www.fundacionelpilar.cl\/web\/wp-content\/uploads\/2026\/08\/DSC_9005-169x300.jpg 169w, https:\/\/www.fundacionelpilar.cl\/web\/wp-content\/uploads\/2026\/08\/DSC_9005-768x1367.jpg 768w, https:\/\/www.fundacionelpilar.cl\/web\/wp-content\/uploads\/2026\/08\/DSC_9005-863x1536.jpg 863w, https:\/\/www.fundacionelpilar.cl\/web\/wp-content\/uploads\/2026\/08\/DSC_9005-1151x2048.jpg 1151w, https:\/\/www.fundacionelpilar.cl\/web\/wp-content\/uploads\/2026\/08\/DSC_9005-scaled.jpg 1438w\" sizes=\"(max-width: 575px) 100vw, 575px\" \/><\/a>\n\t\t\t<\/div><\/figure><figure class='gallery-item'>\n\t\t\t<div class='gallery-icon portrait'>\n\t\t\t\t<a href='https:\/\/www.fundacionelpilar.cl\/web\/nueva-promocion-de-estudiantes-del-pilar-recibio-su-titulo-tecnico\/dsc_9007\/'><img loading=\"lazy\" decoding=\"async\" width=\"575\" height=\"1024\" src=\"https:\/\/www.fundacionelpilar.cl\/web\/wp-content\/uploads\/2026\/08\/DSC_9007-575x1024.jpg\" class=\"attachment-large size-large\" alt=\"\" srcset=\"https:\/\/www.fundacionelpilar.cl\/web\/wp-content\/uploads\/2026\/08\/DSC_9007-575x1024.jpg 575w, https:\/\/www.fundacionelpilar.cl\/web\/wp-content\/uploads\/2026\/08\/DSC_9007-169x300.jpg 169w, https:\/\/www.fundacionelpilar.cl\/web\/wp-content\/uploads\/2026\/08\/DSC_9007-768x1367.jpg 768w, https:\/\/www.fundacionelpilar.cl\/web\/wp-content\/uploads\/2026\/08\/DSC_9007-863x1536.jpg 863w, https:\/\/www.fundacionelpilar.cl\/web\/wp-content\/uploads\/2026\/08\/DSC_9007-1151x2048.jpg 1151w, https:\/\/www.fundacionelpilar.cl\/web\/wp-content\/uploads\/2026\/08\/DSC_9007-scaled.jpg 1438w\" sizes=\"(max-width: 575px) 100vw, 575px\" \/><\/a>\n\t\t\t<\/div><\/figure><figure class='gallery-item'>\n\t\t\t<div class='gallery-icon landscape'>\n\t\t\t\t<a href='https:\/\/www.fundacionelpilar.cl\/web\/nueva-promocion-de-estudiantes-del-pilar-recibio-su-titulo-tecnico\/dsc_9077\/'><img loading=\"lazy\" decoding=\"async\" width=\"800\" height=\"449\" src=\"https:\/\/www.fundacionelpilar.cl\/web\/wp-content\/uploads\/2026\/08\/DSC_9077-1024x575.jpg\" class=\"attachment-large size-large\" alt=\"\" srcset=\"https:\/\/www.fundacionelpilar.cl\/web\/wp-content\/uploads\/2026\/08\/DSC_9077-1024x575.jpg 1024w, https:\/\/www.fundacionelpilar.cl\/web\/wp-content\/uploads\/2026\/08\/DSC_9077-300x169.jpg 300w, https:\/\/www.fundacionelpilar.cl\/web\/wp-content\/uploads\/2026\/08\/DSC_9077-768x432.jpg 768w, https:\/\/www.fundacionelpilar.cl\/web\/wp-content\/uploads\/2026\/08\/DSC_9077-1536x863.jpg 1536w, https:\/\/www.fundacionelpilar.cl\/web\/wp-content\/uploads\/2026\/08\/DSC_9077.jpg 2000w\" sizes=\"(max-width: 800px) 100vw, 800px\" \/><\/a>\n\t\t\t<\/div><\/figure>\n\t\t<\/div>\n\n<div dir=\"auto\"><a href=\"https:\/\/www.facebook.com\/photo\/?fbid=1531742955422168&amp;set=pcb.1531752368754560&amp;__cft__[0]=AZZ0fNieOC5htmQE74_VXDKWgCvdV9ihYcZqeS8yrFDVvxb2cws5hTf0hMWMARAL_QsxCnN6Ny_Dn3BwwZlGjTs3GkxCQ5hMAipJ1M0ifxV4bXB5zL3w18SVx6dRFGX48ga8K9AmZ0FTgt8-LWn_DgmqltYmEMooQeQX4W7vEFgOf-PeASLk6FPsL0Pr6er62RU&amp;__tn__=*b1H-R\">Ver m\u00e1s im\u00e1genes<\/a><\/div>\n<div class=\"x14z9mp xat24cr x1lziwak x1vvkbs xtlvy1s x126k92a\">\n<div dir=\"auto\"><\/div>\n<\/div>\n<div class=\"x14z9mp xat24cr x1lziwak x1vvkbs xtlvy1s x126k92a\">\n<blockquote>\n<h5 dir=\"auto\" style=\"text-align: center;\"><strong>Fundaci\u00f3n El Pilar de Ancud: 73 a\u00f1os formando personas \u00edntegras, comprometidas con el desarrollo de la sociedad, el cuidado de la Vida y de la madre tierra.<\/strong><\/h5>\n<\/blockquote>\n<\/div>\n","protected":false},"excerpt":{"rendered":"<p>Ceremonia de Titulaci\u00f3n se realiz\u00f3 la tarde del pasado viernes 28 de agosto en el gimnasio de nuestro Liceo Comercial El Pilar.<\/p>\n","protected":false},"author":5,"featured_media":15620,"comment_status":"closed","ping_status":"closed","sticky":false,"template":"","format":"standard","meta":{"footnotes":""},"categories":[22],"tags":[],"class_list":["post-15619","post","type-post","status-publish","format-standard","has-post-thumbnail","hentry","category-liceo"],"_links":{"self":[{"href":"https:\/\/www.fundacionelpilar.cl\/web\/wp-json\/wp\/v2\/posts\/15619","targetHints":{"allow":["GET"]}}],"collection":[{"href":"https:\/\/www.fundacionelpilar.cl\/web\/wp-json\/wp\/v2\/posts"}],"about":[{"href":"https:\/\/www.fundacionelpilar.cl\/web\/wp-json\/wp\/v2\/types\/post"}],"author":[{"embeddable":true,"href":"https:\/\/www.fundacionelpilar.cl\/web\/wp-json\/wp\/v2\/users\/5"}],"replies":[{"embeddable":true,"href":"https:\/\/www.fundacionelpilar.cl\/web\/wp-json\/wp\/v2\/comments?post=15619"}],"version-history":[{"count":2,"href":"https:\/\/www.fundacionelpilar.cl\/web\/wp-json\/wp\/v2\/posts\/15619\/revisions"}],"predecessor-version":[{"id":15632,"href":"https:\/\/www.fundacionelpilar.cl\/web\/wp-json\/wp\/v2\/posts\/15619\/revisions\/15632"}],"wp:featuredmedia":[{"embeddable":true,"href":"https:\/\/www.fundacionelpilar.cl\/web\/wp-json\/wp\/v2\/media\/15620"}],"wp:attachment":[{"href":"https:\/\/www.fundacionelpilar.cl\/web\/wp-json\/wp\/v2\/media?parent=15619"}],"wp:term":[{"taxonomy":"category","embeddable":true,"href":"https:\/\/www.fundacionelpilar.cl\/web\/wp-json\/wp\/v2\/categories?post=15619"},{"taxonomy":"post_tag","embeddable":true,"href":"https:\/\/www.fundacionelpilar.cl\/web\/wp-json\/wp\/v2\/tags?post=15619"}],"curies":[{"name":"wp","href":"https:\/\/api.w.org\/{rel}","templated":true}]}}