{"id":14444,"date":"2026-04-30T19:03:44","date_gmt":"2026-04-30T19:03:44","guid":{"rendered":"https:\/\/www.fundacionelpilar.cl\/web\/?p=14444"},"modified":"2026-04-30T19:05:22","modified_gmt":"2026-04-30T19:05:22","slug":"feliz-dia-del-trabajo-2","status":"publish","type":"post","link":"https:\/\/www.fundacionelpilar.cl\/web\/feliz-dia-del-trabajo-2\/","title":{"rendered":"\u00a1Feliz d\u00eda del trabajo!"},"content":{"rendered":"<p><strong>En este 1\u00b0 de mayo nuestro m\u00e1s cordial saludo a todas y todos los colaboradores de la Fundaci\u00f3n El Pilar.<\/strong><!--more--><\/p>\n<p>A todas y todos los colaboradores de la Fundaci\u00f3n El Pilar que se desempe\u00f1an en el Liceo Comercial El Pilar, Internado Femenino y Colegio El Pilar, les deseamos que tengan hoy un muy Feliz D\u00eda del Trabajo.<\/p>\n<p>Gracias por su entrega, vocaci\u00f3n y por la labor que cada uno y cada realiza en nuestras comunidades educativas en Pastoral, contribuyendo desde sus respectivos roles a formar ni\u00f1os, adolescentes y j\u00f3venes cuyos valores son el amor por la persona humana, la solidaridad, la sencillez, la responsabilidad, la honestidad y la fraternidad.<\/p>\n<p><strong>Que Dios y la Virgen del Pilar los acompa\u00f1en siempre<\/strong>.<\/p>\n<p><a href=\"https:\/\/www.fundacionelpilar.cl\/web\/feliz-dia-del-trabajo-2\/feliz-dia-a-todos-nuestros-colaboradores-1-2\/\" rel=\"attachment wp-att-14445\"><img fetchpriority=\"high\" decoding=\"async\" class=\"alignnone wp-image-14445 \" src=\"https:\/\/www.fundacionelpilar.cl\/web\/wp-content\/uploads\/2026\/04\/Feliz-dia-a-todos-nuestros-colaboradores-.-1.jpg\" alt=\"\" width=\"747\" height=\"626\" srcset=\"https:\/\/www.fundacionelpilar.cl\/web\/wp-content\/uploads\/2026\/04\/Feliz-dia-a-todos-nuestros-colaboradores-.-1.jpg 940w, https:\/\/www.fundacionelpilar.cl\/web\/wp-content\/uploads\/2026\/04\/Feliz-dia-a-todos-nuestros-colaboradores-.-1-300x251.jpg 300w, https:\/\/www.fundacionelpilar.cl\/web\/wp-content\/uploads\/2026\/04\/Feliz-dia-a-todos-nuestros-colaboradores-.-1-768x644.jpg 768w\" sizes=\"(max-width: 747px) 100vw, 747px\" \/><\/a><\/p>\n<blockquote>\n<h5 style=\"text-align: center;\">Fundaci\u00f3n El Pilar de Ancud: 72 a\u00f1os formando personas \u00edntegras, comprometidas con el desarrollo de la sociedad, el cuidado de la Vida y de la madre tierra.<\/h5>\n<\/blockquote>\n","protected":false},"excerpt":{"rendered":"<p>En este 1\u00b0 de mayo nuestro m\u00e1s cordial saludo a todas y todos los colaboradores de la Fundaci\u00f3n El Pilar.<\/p>\n","protected":false},"author":5,"featured_media":14445,"comment_status":"closed","ping_status":"closed","sticky":false,"template":"","format":"standard","meta":{"footnotes":""},"categories":[9],"tags":[],"class_list":["post-14444","post","type-post","status-publish","format-standard","has-post-thumbnail","hentry","category-corporativo"],"_links":{"self":[{"href":"https:\/\/www.fundacionelpilar.cl\/web\/wp-json\/wp\/v2\/posts\/14444","targetHints":{"allow":["GET"]}}],"collection":[{"href":"https:\/\/www.fundacionelpilar.cl\/web\/wp-json\/wp\/v2\/posts"}],"about":[{"href":"https:\/\/www.fundacionelpilar.cl\/web\/wp-json\/wp\/v2\/types\/post"}],"author":[{"embeddable":true,"href":"https:\/\/www.fundacionelpilar.cl\/web\/wp-json\/wp\/v2\/users\/5"}],"replies":[{"embeddable":true,"href":"https:\/\/www.fundacionelpilar.cl\/web\/wp-json\/wp\/v2\/comments?post=14444"}],"version-history":[{"count":2,"href":"https:\/\/www.fundacionelpilar.cl\/web\/wp-json\/wp\/v2\/posts\/14444\/revisions"}],"predecessor-version":[{"id":14447,"href":"https:\/\/www.fundacionelpilar.cl\/web\/wp-json\/wp\/v2\/posts\/14444\/revisions\/14447"}],"wp:featuredmedia":[{"embeddable":true,"href":"https:\/\/www.fundacionelpilar.cl\/web\/wp-json\/wp\/v2\/media\/14445"}],"wp:attachment":[{"href":"https:\/\/www.fundacionelpilar.cl\/web\/wp-json\/wp\/v2\/media?parent=14444"}],"wp:term":[{"taxonomy":"category","embeddable":true,"href":"https:\/\/www.fundacionelpilar.cl\/web\/wp-json\/wp\/v2\/categories?post=14444"},{"taxonomy":"post_tag","embeddable":true,"href":"https:\/\/www.fundacionelpilar.cl\/web\/wp-json\/wp\/v2\/tags?post=14444"}],"curies":[{"name":"wp","href":"https:\/\/api.w.org\/{rel}","templated":true}]}}