{"id":14429,"date":"2026-04-30T17:01:43","date_gmt":"2026-04-30T17:01:43","guid":{"rendered":"https:\/\/www.fundacionelpilar.cl\/web\/?p=14429"},"modified":"2026-04-30T18:10:53","modified_gmt":"2026-04-30T18:10:53","slug":"liceo-el-pilar-participo-en-comunal-de-tenis-de-mesa-de-los-juegos-deportivos-escolares","status":"publish","type":"post","link":"https:\/\/www.fundacionelpilar.cl\/web\/liceo-el-pilar-participo-en-comunal-de-tenis-de-mesa-de-los-juegos-deportivos-escolares\/","title":{"rendered":"Liceo El Pilar particip\u00f3 en comunal de tenis de mesa de los Juegos Deportivos Escolares"},"content":{"rendered":"<div class=\"x14z9mp xat24cr x1lziwak x1vvkbs xtlvy1s x126k92a\">\n<div dir=\"auto\"><strong>Durante este primer semestre varias ser\u00e1n las competencias que se estar\u00e1n desarrollando.<\/strong><\/div>\n<div dir=\"auto\"><\/div>\n<\/div>\n<p><!--more--><\/p>\n<div class=\"x14z9mp xat24cr x1lziwak x1vvkbs xtlvy1s x126k92a\">\n<div dir=\"auto\">Arranc\u00f3 con todo la temporada 2026 de los Juegos Deportivos Escolares (JDE) que a\u00f1o a a\u00f1o desarrolla el Instituto Nacional de Deportes, IND, junto al municipio local.<\/div>\n<div dir=\"auto\"><\/div>\n<\/div>\n<div class=\"x14z9mp xat24cr x1lziwak x1vvkbs xtlvy1s x126k92a\">\n<div dir=\"auto\">Precisamente esta semana se llev\u00f3 a cabo la competencia comunal de tenis de mesa de los JDE.<\/div>\n<div dir=\"auto\"><\/div>\n<\/div>\n<div class=\"x14z9mp xat24cr x1lziwak x1vvkbs xtlvy1s x126k92a\">\n<div dir=\"auto\">En la ocasi\u00f3n la Fundaci\u00f3n El Pilar estuvo representada por estudiantes de educaci\u00f3n media de nuestro Liceo Comercial El Pilar, quienes disputaron partidos con alumnos de otros nueve colegios de la comuna de Ancud.<\/div>\n<div dir=\"auto\"><\/div>\n<\/div>\n<div class=\"x14z9mp xat24cr x1lziwak x1vvkbs xtlvy1s x126k92a\">\n<div dir=\"auto\">La cita se desarroll\u00f3 en el centro de entrenamiento de tenis de mesa, ubicado a un costado del gimnasio fiscal Luis \u00abCaco\u00bb Su\u00e1rez.<\/div>\n<div dir=\"auto\"><\/div>\n<\/div>\n<div class=\"x14z9mp xat24cr x1lziwak x1vvkbs xtlvy1s x126k92a\">\n<div dir=\"auto\">Felicitar a todos los pilarinos y pilarinas que participaron, especialmente al estudiante Jorge Sandoval (1\u00b0C HC) quien obtuvo el segundo lugar en la categor\u00eda juvenil varones, y a Pamela Mu\u00f1oz (3\u00b0 Gastronom\u00eda) quien se qued\u00f3 con el tercer puesto en juvenil damas.<\/div>\n<div dir=\"auto\"><\/div>\n<\/div>\n<div class=\"x14z9mp xat24cr x1lziwak x1vvkbs xtlvy1s x126k92a\">\n<h6 dir=\"auto\">[AMISTOSO]<\/h6>\n<div dir=\"auto\"><\/div>\n<\/div>\n<div class=\"x14z9mp xat24cr x1lziwak x1vvkbs xtlvy1s x126k92a\">\n<div dir=\"auto\">Igualmente dentro del \u00e1mbito deportivo cabe mencionar un partido amistoso de f\u00fabtol que se desarroll\u00f3 recientemente entre funcionarios del Liceo, estudiantes y ex alumnos del Pilar.<\/div>\n<div dir=\"auto\"><\/div>\n<\/div>\n<div class=\"x14z9mp xat24cr x1lziwak x1vvkbs xtlvy1s x126k92a\">\n<div dir=\"auto\">La instancia se concentr\u00f3 en la cancha del estadio de F\u00e1tima y ten\u00eda como finalidad estrechar lazos y mejorar la convivencia educativa de la mano de iniciativas deportivas.<\/div>\n<div dir=\"auto\"><\/div>\n<\/div>\n<div class=\"x14z9mp xat24cr x1lziwak x1vvkbs xtlvy1s x126k92a\">\n<div dir=\"auto\">Recordemos que ayer mi\u00e9rcoles 29 se celebr\u00f3 el d\u00eda de la Convivencia Educativa, donde todos y todas estamos llamados a hacernos parte de nuestras comunidades.<\/div>\n<\/div>\n<div dir=\"auto\"><\/div>\n<div dir=\"auto\">\n<div id='gallery-1' class='gallery galleryid-14429 gallery-columns-2 gallery-size-large'><figure class='gallery-item'>\n\t\t\t<div class='gallery-icon landscape'>\n\t\t\t\t<a href='https:\/\/www.fundacionelpilar.cl\/web\/liceo-el-pilar-participo-en-comunal-de-tenis-de-mesa-de-los-juegos-deportivos-escolares\/whatsapp-image-2026-04-29-at-9-12-43-am\/'><img fetchpriority=\"high\" decoding=\"async\" width=\"800\" height=\"600\" src=\"https:\/\/www.fundacionelpilar.cl\/web\/wp-content\/uploads\/2026\/04\/WhatsApp-Image-2026-04-29-at-9.12.43-AM-1024x768.jpeg\" class=\"attachment-large size-large\" alt=\"\" aria-describedby=\"gallery-1-14430\" srcset=\"https:\/\/www.fundacionelpilar.cl\/web\/wp-content\/uploads\/2026\/04\/WhatsApp-Image-2026-04-29-at-9.12.43-AM-1024x768.jpeg 1024w, https:\/\/www.fundacionelpilar.cl\/web\/wp-content\/uploads\/2026\/04\/WhatsApp-Image-2026-04-29-at-9.12.43-AM-300x225.jpeg 300w, https:\/\/www.fundacionelpilar.cl\/web\/wp-content\/uploads\/2026\/04\/WhatsApp-Image-2026-04-29-at-9.12.43-AM-768x576.jpeg 768w, https:\/\/www.fundacionelpilar.cl\/web\/wp-content\/uploads\/2026\/04\/WhatsApp-Image-2026-04-29-at-9.12.43-AM.jpeg 1280w\" sizes=\"(max-width: 800px) 100vw, 800px\" \/><\/a>\n\t\t\t<\/div>\n\t\t\t\t<figcaption class='wp-caption-text gallery-caption' id='gallery-1-14430'>\n\t\t\t\tAmistoso de f\u00fatbol\n\t\t\t\t<\/figcaption><\/figure><figure class='gallery-item'>\n\t\t\t<div class='gallery-icon portrait'>\n\t\t\t\t<a href='https:\/\/www.fundacionelpilar.cl\/web\/liceo-el-pilar-participo-en-comunal-de-tenis-de-mesa-de-los-juegos-deportivos-escolares\/whatsapp-image-2026-04-29-at-9-15-52-am\/'><img decoding=\"async\" width=\"768\" height=\"1024\" src=\"https:\/\/www.fundacionelpilar.cl\/web\/wp-content\/uploads\/2026\/04\/WhatsApp-Image-2026-04-29-at-9.15.52-AM-768x1024.jpeg\" class=\"attachment-large size-large\" alt=\"\" aria-describedby=\"gallery-1-14431\" srcset=\"https:\/\/www.fundacionelpilar.cl\/web\/wp-content\/uploads\/2026\/04\/WhatsApp-Image-2026-04-29-at-9.15.52-AM-768x1024.jpeg 768w, https:\/\/www.fundacionelpilar.cl\/web\/wp-content\/uploads\/2026\/04\/WhatsApp-Image-2026-04-29-at-9.15.52-AM-225x300.jpeg 225w, https:\/\/www.fundacionelpilar.cl\/web\/wp-content\/uploads\/2026\/04\/WhatsApp-Image-2026-04-29-at-9.15.52-AM.jpeg 960w\" sizes=\"(max-width: 768px) 100vw, 768px\" \/><\/a>\n\t\t\t<\/div>\n\t\t\t\t<figcaption class='wp-caption-text gallery-caption' id='gallery-1-14431'>\n\t\t\t\tPamela Mu\u00f1oz (3\u00b0 Gastronom\u00eda) quien se qued\u00f3 con el tercer puesto en juvenil damas.\n\t\t\t\t<\/figcaption><\/figure><figure class='gallery-item'>\n\t\t\t<div class='gallery-icon landscape'>\n\t\t\t\t<a href='https:\/\/www.fundacionelpilar.cl\/web\/liceo-el-pilar-participo-en-comunal-de-tenis-de-mesa-de-los-juegos-deportivos-escolares\/whatsapp-image-2026-04-29-at-9-15-56-am-1\/'><img decoding=\"async\" width=\"800\" height=\"600\" src=\"https:\/\/www.fundacionelpilar.cl\/web\/wp-content\/uploads\/2026\/04\/WhatsApp-Image-2026-04-29-at-9.15.56-AM-1-1024x768.jpeg\" class=\"attachment-large size-large\" alt=\"\" srcset=\"https:\/\/www.fundacionelpilar.cl\/web\/wp-content\/uploads\/2026\/04\/WhatsApp-Image-2026-04-29-at-9.15.56-AM-1-1024x768.jpeg 1024w, https:\/\/www.fundacionelpilar.cl\/web\/wp-content\/uploads\/2026\/04\/WhatsApp-Image-2026-04-29-at-9.15.56-AM-1-300x225.jpeg 300w, https:\/\/www.fundacionelpilar.cl\/web\/wp-content\/uploads\/2026\/04\/WhatsApp-Image-2026-04-29-at-9.15.56-AM-1-768x576.jpeg 768w, https:\/\/www.fundacionelpilar.cl\/web\/wp-content\/uploads\/2026\/04\/WhatsApp-Image-2026-04-29-at-9.15.56-AM-1.jpeg 1280w\" sizes=\"(max-width: 800px) 100vw, 800px\" \/><\/a>\n\t\t\t<\/div><\/figure><figure class='gallery-item'>\n\t\t\t<div class='gallery-icon landscape'>\n\t\t\t\t<a href='https:\/\/www.fundacionelpilar.cl\/web\/liceo-el-pilar-participo-en-comunal-de-tenis-de-mesa-de-los-juegos-deportivos-escolares\/whatsapp-image-2026-04-29-at-9-15-58-am\/'><img loading=\"lazy\" decoding=\"async\" width=\"800\" height=\"600\" src=\"https:\/\/www.fundacionelpilar.cl\/web\/wp-content\/uploads\/2026\/04\/WhatsApp-Image-2026-04-29-at-9.15.58-AM-1024x768.jpeg\" class=\"attachment-large size-large\" alt=\"\" srcset=\"https:\/\/www.fundacionelpilar.cl\/web\/wp-content\/uploads\/2026\/04\/WhatsApp-Image-2026-04-29-at-9.15.58-AM-1024x768.jpeg 1024w, https:\/\/www.fundacionelpilar.cl\/web\/wp-content\/uploads\/2026\/04\/WhatsApp-Image-2026-04-29-at-9.15.58-AM-300x225.jpeg 300w, https:\/\/www.fundacionelpilar.cl\/web\/wp-content\/uploads\/2026\/04\/WhatsApp-Image-2026-04-29-at-9.15.58-AM-768x576.jpeg 768w, https:\/\/www.fundacionelpilar.cl\/web\/wp-content\/uploads\/2026\/04\/WhatsApp-Image-2026-04-29-at-9.15.58-AM.jpeg 1280w\" sizes=\"(max-width: 800px) 100vw, 800px\" \/><\/a>\n\t\t\t<\/div><\/figure>\n\t\t<\/div>\n\n<\/div>\n<div dir=\"auto\"><\/div>\n<div class=\"x14z9mp xat24cr x1lziwak x1vvkbs xtlvy1s x126k92a\">\n<blockquote>\n<h5 dir=\"auto\" style=\"text-align: center;\">Fundaci\u00f3n El Pilar de Ancud: 72 a\u00f1os formando personas \u00edntegras, comprometidas con el desarrollo de la sociedad, el cuidado de la Vida y de la madre tierra.<\/h5>\n<\/blockquote>\n<\/div>\n","protected":false},"excerpt":{"rendered":"<p>Durante este primer semestre varias ser\u00e1n las competencias que se estar\u00e1n desarrollando.<\/p>\n","protected":false},"author":5,"featured_media":14441,"comment_status":"closed","ping_status":"closed","sticky":false,"template":"","format":"standard","meta":{"footnotes":""},"categories":[22],"tags":[],"class_list":["post-14429","post","type-post","status-publish","format-standard","has-post-thumbnail","hentry","category-liceo"],"_links":{"self":[{"href":"https:\/\/www.fundacionelpilar.cl\/web\/wp-json\/wp\/v2\/posts\/14429","targetHints":{"allow":["GET"]}}],"collection":[{"href":"https:\/\/www.fundacionelpilar.cl\/web\/wp-json\/wp\/v2\/posts"}],"about":[{"href":"https:\/\/www.fundacionelpilar.cl\/web\/wp-json\/wp\/v2\/types\/post"}],"author":[{"embeddable":true,"href":"https:\/\/www.fundacionelpilar.cl\/web\/wp-json\/wp\/v2\/users\/5"}],"replies":[{"embeddable":true,"href":"https:\/\/www.fundacionelpilar.cl\/web\/wp-json\/wp\/v2\/comments?post=14429"}],"version-history":[{"count":3,"href":"https:\/\/www.fundacionelpilar.cl\/web\/wp-json\/wp\/v2\/posts\/14429\/revisions"}],"predecessor-version":[{"id":14440,"href":"https:\/\/www.fundacionelpilar.cl\/web\/wp-json\/wp\/v2\/posts\/14429\/revisions\/14440"}],"wp:featuredmedia":[{"embeddable":true,"href":"https:\/\/www.fundacionelpilar.cl\/web\/wp-json\/wp\/v2\/media\/14441"}],"wp:attachment":[{"href":"https:\/\/www.fundacionelpilar.cl\/web\/wp-json\/wp\/v2\/media?parent=14429"}],"wp:term":[{"taxonomy":"category","embeddable":true,"href":"https:\/\/www.fundacionelpilar.cl\/web\/wp-json\/wp\/v2\/categories?post=14429"},{"taxonomy":"post_tag","embeddable":true,"href":"https:\/\/www.fundacionelpilar.cl\/web\/wp-json\/wp\/v2\/tags?post=14429"}],"curies":[{"name":"wp","href":"https:\/\/api.w.org\/{rel}","templated":true}]}}