{"id":14420,"date":"2026-04-30T14:45:17","date_gmt":"2026-04-30T14:45:17","guid":{"rendered":"https:\/\/www.fundacionelpilar.cl\/web\/?p=14420"},"modified":"2026-04-30T14:45:17","modified_gmt":"2026-04-30T14:45:17","slug":"estudiantes-del-liceo-el-pilar-dieron-vida-al-1er-cosplay-mitologico-de-chiloe","status":"publish","type":"post","link":"https:\/\/www.fundacionelpilar.cl\/web\/estudiantes-del-liceo-el-pilar-dieron-vida-al-1er-cosplay-mitologico-de-chiloe\/","title":{"rendered":"Estudiantes del Liceo El Pilar dieron vida al 1er Cosplay mitol\u00f3gico de Chilo\u00e9"},"content":{"rendered":"<p><strong>Actividad se efectu\u00f3 en el marco de la conmemoraci\u00f3n del D\u00eda del Libro.<\/strong><!--more--><\/p>\n<div class=\"x14z9mp xat24cr x1lziwak x1vvkbs xtlvy1s x126k92a\">\n<div dir=\"auto\"><\/div>\n<div dir=\"auto\">El pasado martes 28 de abril se vivi\u00f3 el primer concurso de \u00abCosplay mitol\u00f3gico de Chilo\u00e9\u00bb al interior del Liceo Comercial El Pilar.<\/div>\n<div dir=\"auto\"><\/div>\n<\/div>\n<div class=\"x14z9mp xat24cr x1lziwak x1vvkbs xtlvy1s x126k92a\">\n<div dir=\"auto\">La actividad se efectu\u00f3 en el marco de la muestra por la conmemoraci\u00f3n del d\u00eda del Libro \u00bb Chilo\u00e9 se cuenta\u00bb, que en esta ocasi\u00f3n estuvo basada en el Bicentenario de Chilo\u00e9, y fue organizada por el Departamento de Lenguaje y la Biblioteca CRA.<\/div>\n<div dir=\"auto\"><\/div>\n<\/div>\n<div class=\"x14z9mp xat24cr x1lziwak x1vvkbs xtlvy1s x126k92a\">\n<div dir=\"auto\">La idea era que estudiantes llegar\u00e1n personificados de distintos seres de la mitolog\u00eda local, pero utilizando materiales reciclados. El prop\u00f3sito era fomentar la participaci\u00f3n, creatividad y sobre todo mostrar la trascendencia de la mitolog\u00eda en el imaginario colectivo.<\/div>\n<div dir=\"auto\"><\/div>\n<\/div>\n<div class=\"x14z9mp xat24cr x1lziwak x1vvkbs xtlvy1s x126k92a\">\n<div dir=\"auto\">La instancia permiti\u00f3 mirar en retrospectivas las costumbres y tradiciones que forman la identidad del Archipi\u00e9lago y sus habitantes.<\/div>\n<div dir=\"auto\"><\/div>\n<\/div>\n<div class=\"x14z9mp xat24cr x1lziwak x1vvkbs xtlvy1s x126k92a\">\n<div dir=\"auto\">As\u00ed, desde las profundidades del mar hasta los bosques m\u00e1s oscuros, los alumnos nos llevaron a un viaje profundo por nuestros mitos, leyendas y costumbres. El caleuche, la voladora, la sirena, el trauco y el basilisco se pudieron ver desfilar por la alfombra roja que se instal\u00f3 en el hall principal del Liceo.<\/div>\n<div dir=\"auto\"><\/div>\n<\/div>\n<div class=\"x14z9mp xat24cr x1lziwak x1vvkbs xtlvy1s x126k92a\">\n<div dir=\"auto\">El taller de canto igualmente se present\u00f3 durante la jornada especial, esta vez con la interpretaci\u00f3n del tema \u00abEl trop\u00f3n\u00bb.<\/div>\n<div dir=\"auto\"><\/div>\n<\/div>\n<div class=\"x14z9mp xat24cr x1lziwak x1vvkbs xtlvy1s x126k92a\">\n<div dir=\"auto\">El Taller JEC de Periodismo Escolar estuvo captando los diferentes momentos de esta llamativa actividad que cautiv\u00f3 la atenci\u00f3n de toda la comunidad.<\/div>\n<div dir=\"auto\"><\/div>\n<\/div>\n<div class=\"x14z9mp xat24cr x1lziwak x1vvkbs xtlvy1s x126k92a\">\n<div dir=\"auto\">Felicitaciones a todos los estudiantes que se atrevieron a dar vida a a sus personajes y nos trajeron un pedacito de Chilo\u00e9.<\/div>\n<\/div>\n<div dir=\"auto\"><\/div>\n<div dir=\"auto\">\n<div id='gallery-1' class='gallery galleryid-14420 gallery-columns-3 gallery-size-large'><figure class='gallery-item'>\n\t\t\t<div class='gallery-icon landscape'>\n\t\t\t\t<a href='https:\/\/www.fundacionelpilar.cl\/web\/estudiantes-del-liceo-el-pilar-dieron-vida-al-1er-cosplay-mitologico-de-chiloe\/img_6538\/'><img fetchpriority=\"high\" decoding=\"async\" width=\"800\" height=\"600\" src=\"https:\/\/www.fundacionelpilar.cl\/web\/wp-content\/uploads\/2026\/04\/IMG_6538-1024x768.jpg\" class=\"attachment-large size-large\" alt=\"\" srcset=\"https:\/\/www.fundacionelpilar.cl\/web\/wp-content\/uploads\/2026\/04\/IMG_6538-1024x768.jpg 1024w, https:\/\/www.fundacionelpilar.cl\/web\/wp-content\/uploads\/2026\/04\/IMG_6538-300x225.jpg 300w, https:\/\/www.fundacionelpilar.cl\/web\/wp-content\/uploads\/2026\/04\/IMG_6538-768x576.jpg 768w, https:\/\/www.fundacionelpilar.cl\/web\/wp-content\/uploads\/2026\/04\/IMG_6538-1536x1152.jpg 1536w, https:\/\/www.fundacionelpilar.cl\/web\/wp-content\/uploads\/2026\/04\/IMG_6538.jpg 2000w\" sizes=\"(max-width: 800px) 100vw, 800px\" \/><\/a>\n\t\t\t<\/div><\/figure><figure class='gallery-item'>\n\t\t\t<div class='gallery-icon landscape'>\n\t\t\t\t<a href='https:\/\/www.fundacionelpilar.cl\/web\/estudiantes-del-liceo-el-pilar-dieron-vida-al-1er-cosplay-mitologico-de-chiloe\/img_6549\/'><img decoding=\"async\" width=\"800\" height=\"600\" src=\"https:\/\/www.fundacionelpilar.cl\/web\/wp-content\/uploads\/2026\/04\/IMG_6549-1024x768.jpg\" class=\"attachment-large size-large\" alt=\"\" srcset=\"https:\/\/www.fundacionelpilar.cl\/web\/wp-content\/uploads\/2026\/04\/IMG_6549-1024x768.jpg 1024w, https:\/\/www.fundacionelpilar.cl\/web\/wp-content\/uploads\/2026\/04\/IMG_6549-300x225.jpg 300w, https:\/\/www.fundacionelpilar.cl\/web\/wp-content\/uploads\/2026\/04\/IMG_6549-768x576.jpg 768w, https:\/\/www.fundacionelpilar.cl\/web\/wp-content\/uploads\/2026\/04\/IMG_6549-1536x1152.jpg 1536w, https:\/\/www.fundacionelpilar.cl\/web\/wp-content\/uploads\/2026\/04\/IMG_6549.jpg 2000w\" sizes=\"(max-width: 800px) 100vw, 800px\" \/><\/a>\n\t\t\t<\/div><\/figure><figure class='gallery-item'>\n\t\t\t<div class='gallery-icon landscape'>\n\t\t\t\t<a href='https:\/\/www.fundacionelpilar.cl\/web\/estudiantes-del-liceo-el-pilar-dieron-vida-al-1er-cosplay-mitologico-de-chiloe\/img_6584\/'><img decoding=\"async\" width=\"800\" height=\"600\" src=\"https:\/\/www.fundacionelpilar.cl\/web\/wp-content\/uploads\/2026\/04\/IMG_6584-1024x768.jpg\" class=\"attachment-large size-large\" alt=\"\" srcset=\"https:\/\/www.fundacionelpilar.cl\/web\/wp-content\/uploads\/2026\/04\/IMG_6584-1024x768.jpg 1024w, https:\/\/www.fundacionelpilar.cl\/web\/wp-content\/uploads\/2026\/04\/IMG_6584-300x225.jpg 300w, https:\/\/www.fundacionelpilar.cl\/web\/wp-content\/uploads\/2026\/04\/IMG_6584-768x576.jpg 768w, https:\/\/www.fundacionelpilar.cl\/web\/wp-content\/uploads\/2026\/04\/IMG_6584-1536x1152.jpg 1536w, https:\/\/www.fundacionelpilar.cl\/web\/wp-content\/uploads\/2026\/04\/IMG_6584.jpg 2000w\" sizes=\"(max-width: 800px) 100vw, 800px\" \/><\/a>\n\t\t\t<\/div><\/figure><figure class='gallery-item'>\n\t\t\t<div class='gallery-icon portrait'>\n\t\t\t\t<a href='https:\/\/www.fundacionelpilar.cl\/web\/estudiantes-del-liceo-el-pilar-dieron-vida-al-1er-cosplay-mitologico-de-chiloe\/img_6589\/'><img loading=\"lazy\" decoding=\"async\" width=\"768\" height=\"1024\" src=\"https:\/\/www.fundacionelpilar.cl\/web\/wp-content\/uploads\/2026\/04\/IMG_6589-768x1024.jpg\" class=\"attachment-large size-large\" alt=\"\" srcset=\"https:\/\/www.fundacionelpilar.cl\/web\/wp-content\/uploads\/2026\/04\/IMG_6589-768x1024.jpg 768w, https:\/\/www.fundacionelpilar.cl\/web\/wp-content\/uploads\/2026\/04\/IMG_6589-225x300.jpg 225w, https:\/\/www.fundacionelpilar.cl\/web\/wp-content\/uploads\/2026\/04\/IMG_6589-1152x1536.jpg 1152w, https:\/\/www.fundacionelpilar.cl\/web\/wp-content\/uploads\/2026\/04\/IMG_6589-1536x2048.jpg 1536w, https:\/\/www.fundacionelpilar.cl\/web\/wp-content\/uploads\/2026\/04\/IMG_6589-scaled.jpg 1920w\" sizes=\"(max-width: 768px) 100vw, 768px\" \/><\/a>\n\t\t\t<\/div><\/figure><figure class='gallery-item'>\n\t\t\t<div class='gallery-icon landscape'>\n\t\t\t\t<a href='https:\/\/www.fundacionelpilar.cl\/web\/estudiantes-del-liceo-el-pilar-dieron-vida-al-1er-cosplay-mitologico-de-chiloe\/img_6601\/'><img loading=\"lazy\" decoding=\"async\" width=\"800\" height=\"600\" src=\"https:\/\/www.fundacionelpilar.cl\/web\/wp-content\/uploads\/2026\/04\/IMG_6601-1024x768.jpg\" class=\"attachment-large size-large\" alt=\"\" srcset=\"https:\/\/www.fundacionelpilar.cl\/web\/wp-content\/uploads\/2026\/04\/IMG_6601-1024x768.jpg 1024w, https:\/\/www.fundacionelpilar.cl\/web\/wp-content\/uploads\/2026\/04\/IMG_6601-300x225.jpg 300w, https:\/\/www.fundacionelpilar.cl\/web\/wp-content\/uploads\/2026\/04\/IMG_6601-768x576.jpg 768w, https:\/\/www.fundacionelpilar.cl\/web\/wp-content\/uploads\/2026\/04\/IMG_6601-1536x1152.jpg 1536w, https:\/\/www.fundacionelpilar.cl\/web\/wp-content\/uploads\/2026\/04\/IMG_6601.jpg 2000w\" sizes=\"(max-width: 800px) 100vw, 800px\" \/><\/a>\n\t\t\t<\/div><\/figure><figure class='gallery-item'>\n\t\t\t<div class='gallery-icon portrait'>\n\t\t\t\t<a href='https:\/\/www.fundacionelpilar.cl\/web\/estudiantes-del-liceo-el-pilar-dieron-vida-al-1er-cosplay-mitologico-de-chiloe\/img_6566\/'><img loading=\"lazy\" decoding=\"async\" width=\"768\" height=\"1024\" src=\"https:\/\/www.fundacionelpilar.cl\/web\/wp-content\/uploads\/2026\/04\/IMG_6566-768x1024.jpg\" class=\"attachment-large size-large\" alt=\"\" srcset=\"https:\/\/www.fundacionelpilar.cl\/web\/wp-content\/uploads\/2026\/04\/IMG_6566-768x1024.jpg 768w, https:\/\/www.fundacionelpilar.cl\/web\/wp-content\/uploads\/2026\/04\/IMG_6566-225x300.jpg 225w, https:\/\/www.fundacionelpilar.cl\/web\/wp-content\/uploads\/2026\/04\/IMG_6566-1152x1536.jpg 1152w, https:\/\/www.fundacionelpilar.cl\/web\/wp-content\/uploads\/2026\/04\/IMG_6566-1536x2048.jpg 1536w, https:\/\/www.fundacionelpilar.cl\/web\/wp-content\/uploads\/2026\/04\/IMG_6566-scaled.jpg 1920w\" sizes=\"(max-width: 768px) 100vw, 768px\" \/><\/a>\n\t\t\t<\/div><\/figure>\n\t\t<\/div>\n\n<\/div>\n<div dir=\"auto\"><\/div>\n<div dir=\"auto\"><a href=\"https:\/\/www.facebook.com\/photo\/?fbid=1428090985787366&amp;set=pcb.1428158322447299&amp;__cft__[0]=AZY__syGufT65Bnj4cVl3HlmBaFxI00jA36p4dgry-wxjW9U4RGSuNisZRTW6KFvI9XOUgg9ACQGn5-n4MdDggHE-sDe_UtX4hJWgHfpkrwKZgRmo1DnypbSQfpgVu3wuFOy17U0KTsQ513dOFB_GJwu7Nxc3bDZSUMbau4xU0kh5rzR0dS7Xyv1wEHuuvxEBiY&amp;__tn__=*b1H-R\">Ver m\u00e1s im\u00e1genes\u00a0<\/a><\/div>\n<div class=\"x14z9mp xat24cr x1lziwak x1vvkbs xtlvy1s x126k92a\">\n<blockquote>\n<h5 dir=\"auto\" style=\"text-align: center;\">Fundaci\u00f3n El Pilar de Ancud: 72 a\u00f1os formando personas \u00edntegras, comprometidas con el desarrollo de la sociedad, el cuidado de la Vida y de la madre tierra.<\/h5>\n<\/blockquote>\n<\/div>\n","protected":false},"excerpt":{"rendered":"<p>Actividad se efectu\u00f3 en el marco de la conmemoraci\u00f3n del D\u00eda del Libro.<\/p>\n","protected":false},"author":5,"featured_media":14421,"comment_status":"closed","ping_status":"closed","sticky":false,"template":"","format":"standard","meta":{"footnotes":""},"categories":[22],"tags":[],"class_list":["post-14420","post","type-post","status-publish","format-standard","has-post-thumbnail","hentry","category-liceo"],"_links":{"self":[{"href":"https:\/\/www.fundacionelpilar.cl\/web\/wp-json\/wp\/v2\/posts\/14420","targetHints":{"allow":["GET"]}}],"collection":[{"href":"https:\/\/www.fundacionelpilar.cl\/web\/wp-json\/wp\/v2\/posts"}],"about":[{"href":"https:\/\/www.fundacionelpilar.cl\/web\/wp-json\/wp\/v2\/types\/post"}],"author":[{"embeddable":true,"href":"https:\/\/www.fundacionelpilar.cl\/web\/wp-json\/wp\/v2\/users\/5"}],"replies":[{"embeddable":true,"href":"https:\/\/www.fundacionelpilar.cl\/web\/wp-json\/wp\/v2\/comments?post=14420"}],"version-history":[{"count":1,"href":"https:\/\/www.fundacionelpilar.cl\/web\/wp-json\/wp\/v2\/posts\/14420\/revisions"}],"predecessor-version":[{"id":14428,"href":"https:\/\/www.fundacionelpilar.cl\/web\/wp-json\/wp\/v2\/posts\/14420\/revisions\/14428"}],"wp:featuredmedia":[{"embeddable":true,"href":"https:\/\/www.fundacionelpilar.cl\/web\/wp-json\/wp\/v2\/media\/14421"}],"wp:attachment":[{"href":"https:\/\/www.fundacionelpilar.cl\/web\/wp-json\/wp\/v2\/media?parent=14420"}],"wp:term":[{"taxonomy":"category","embeddable":true,"href":"https:\/\/www.fundacionelpilar.cl\/web\/wp-json\/wp\/v2\/categories?post=14420"},{"taxonomy":"post_tag","embeddable":true,"href":"https:\/\/www.fundacionelpilar.cl\/web\/wp-json\/wp\/v2\/tags?post=14420"}],"curies":[{"name":"wp","href":"https:\/\/api.w.org\/{rel}","templated":true}]}}