{"id":14410,"date":"2026-04-29T16:05:36","date_gmt":"2026-04-29T16:05:36","guid":{"rendered":"https:\/\/www.fundacionelpilar.cl\/web\/?p=14410"},"modified":"2026-04-29T16:05:36","modified_gmt":"2026-04-29T16:05:36","slug":"liceo-comercial-el-pilar-ha-vibrado-con-las-letras-y-la-cultura-de-chiloe","status":"publish","type":"post","link":"https:\/\/www.fundacionelpilar.cl\/web\/liceo-comercial-el-pilar-ha-vibrado-con-las-letras-y-la-cultura-de-chiloe\/","title":{"rendered":"Liceo Comercial El Pilar ha vibrado con las letras y la cultura de Chilo\u00e9"},"content":{"rendered":"<p><strong>Muestra por el D\u00eda del Libro y el derecho de autor ha cautivado la atenci\u00f3n de la comunidad educativa.<\/strong><!--more--><\/p>\n<div class=\"x14z9mp xat24cr x1lziwak x1vvkbs xtlvy1s x126k92a\">\n<div dir=\"auto\">D\u00edas con mucha actividad hemos tenido al interior del Liceo Comercial El Pilar. Nuestros estudiantes de los distintos niveles y \u00e1reas se han lucido con su participaci\u00f3n en la actividad \u00abChilo\u00e9 se cuenta\u00bb.<\/div>\n<div dir=\"auto\"><\/div>\n<\/div>\n<div class=\"x14z9mp xat24cr x1lziwak x1vvkbs xtlvy1s x126k92a\">\n<div dir=\"auto\">La instancia ha sido el panorama con el cual se ha celebrado en el establecimiento el D\u00eda del Libro y del derecho de Autor, enmarcado esta vez en los 200 a\u00f1os de la anexi\u00f3n de Chilo\u00e9 al territorio nacional.<\/div>\n<div dir=\"auto\"><\/div>\n<\/div>\n<div class=\"x14z9mp xat24cr x1lziwak x1vvkbs xtlvy1s x126k92a\">\n<div dir=\"auto\">Por esta raz\u00f3n hemos sido testigos de las expresiones m\u00e1s diversas que caracterizan la idiosincrasia del pueblo chilote, desde los relatos, poes\u00eda, folclore y gastronom\u00eda de nuestro Archipi\u00e9lago.<\/div>\n<div dir=\"auto\"><\/div>\n<\/div>\n<div class=\"x14z9mp xat24cr x1lziwak x1vvkbs xtlvy1s x126k92a\">\n<div dir=\"auto\">El Taller JEC de Periodismo Escolar estuvo presente en la jornada inaugural, desarrollada la tarde de este lunes 27 de abril y capt\u00f3 varios momentos, los cuales pasamos a compartir. Asimismo, prontamente subiremos las entrevistas que los estudiantes reporteros han estado haciendo <span class=\"html-span xexx8yu xyri2b x18d9i69 x1c1uobl x1hl2dhg x16tdsg8 x1vvkbs x3nfvp2 x1j61x8r x1fcty0u xdj266r xat24cr xm2jcoa x1mpyi22 xxymvpz xlup9mm x1kky2od\"><img decoding=\"async\" class=\"xz74otr x15mokao x1ga7v0g x16uus16 xbiv7yw\" src=\"https:\/\/static.xx.fbcdn.net\/images\/emoji.php\/v9\/tff\/1\/16\/1f3a5.png\" alt=\"\ud83c\udfa5\" width=\"16\" height=\"16\" \/><\/span><span class=\"html-span xexx8yu xyri2b x18d9i69 x1c1uobl x1hl2dhg x16tdsg8 x1vvkbs x3nfvp2 x1j61x8r x1fcty0u xdj266r xat24cr xm2jcoa x1mpyi22 xxymvpz xlup9mm x1kky2od\"><img decoding=\"async\" class=\"xz74otr x15mokao x1ga7v0g x16uus16 xbiv7yw\" src=\"https:\/\/static.xx.fbcdn.net\/images\/emoji.php\/v9\/tcc\/1\/16\/1f4dd.png\" alt=\"\ud83d\udcdd\" width=\"16\" height=\"16\" \/><\/span><span class=\"html-span xexx8yu xyri2b x18d9i69 x1c1uobl x1hl2dhg x16tdsg8 x1vvkbs x3nfvp2 x1j61x8r x1fcty0u xdj266r xat24cr xm2jcoa x1mpyi22 xxymvpz xlup9mm x1kky2od\"><img decoding=\"async\" class=\"xz74otr x15mokao x1ga7v0g x16uus16 xbiv7yw\" src=\"https:\/\/static.xx.fbcdn.net\/images\/emoji.php\/v9\/t7e\/1\/16\/1f3a4.png\" alt=\"\ud83c\udfa4\" width=\"16\" height=\"16\" \/><\/span><span class=\"html-span xexx8yu xyri2b x18d9i69 x1c1uobl x1hl2dhg x16tdsg8 x1vvkbs x3nfvp2 x1j61x8r x1fcty0u xdj266r xat24cr xm2jcoa x1mpyi22 xxymvpz xlup9mm x1kky2od\"><img loading=\"lazy\" decoding=\"async\" class=\"xz74otr x15mokao x1ga7v0g x16uus16 xbiv7yw\" src=\"https:\/\/static.xx.fbcdn.net\/images\/emoji.php\/v9\/t2d\/1\/16\/1f3ac.png\" alt=\"\ud83c\udfac\" width=\"16\" height=\"16\" \/><\/span><\/div>\n<div dir=\"auto\"><\/div>\n<\/div>\n<div class=\"x14z9mp xat24cr x1lziwak x1vvkbs xtlvy1s x126k92a\">\n<div dir=\"auto\">Recordemos que la actividad ha sido gestada desde el Departamento de Lenguaje, Biblioteca CRA, junto al apoyo de otras \u00e1reas del Liceo, y ha ivolucrado la realizaci\u00f3n no solo de la exposici\u00f3n de trabajos de los alumnos, sino adem\u00e1s concursos, entre otros.<\/div>\n<div dir=\"auto\"><\/div>\n<\/div>\n<div class=\"x14z9mp xat24cr x1lziwak x1vvkbs xtlvy1s x126k92a\">\n<div dir=\"auto\">El incre\u00edble panorama inici\u00f3 este lunes y se mantiene hasta la jornada de hoy mi\u00e9rcoles 29 de abril, todo con la idea que los pilarinos\/as descubran como la literatura chilota narra su historia y su identidad, enriqueciendo las letras a nivel nacional y en Am\u00e9rica Latina.<\/div>\n<\/div>\n<div dir=\"auto\"><\/div>\n<div dir=\"auto\">\n<div id='gallery-1' class='gallery galleryid-14410 gallery-columns-3 gallery-size-large'><figure class='gallery-item'>\n\t\t\t<div class='gallery-icon landscape'>\n\t\t\t\t<a href='https:\/\/www.fundacionelpilar.cl\/web\/liceo-comercial-el-pilar-ha-vibrado-con-las-letras-y-la-cultura-de-chiloe\/dsc_1835\/'><img loading=\"lazy\" decoding=\"async\" width=\"800\" height=\"450\" src=\"https:\/\/www.fundacionelpilar.cl\/web\/wp-content\/uploads\/2026\/04\/DSC_1835-1024x576.jpg\" class=\"attachment-large size-large\" alt=\"\" srcset=\"https:\/\/www.fundacionelpilar.cl\/web\/wp-content\/uploads\/2026\/04\/DSC_1835-1024x576.jpg 1024w, https:\/\/www.fundacionelpilar.cl\/web\/wp-content\/uploads\/2026\/04\/DSC_1835-300x169.jpg 300w, https:\/\/www.fundacionelpilar.cl\/web\/wp-content\/uploads\/2026\/04\/DSC_1835-768x432.jpg 768w, https:\/\/www.fundacionelpilar.cl\/web\/wp-content\/uploads\/2026\/04\/DSC_1835-1536x864.jpg 1536w, https:\/\/www.fundacionelpilar.cl\/web\/wp-content\/uploads\/2026\/04\/DSC_1835.jpg 1920w\" sizes=\"(max-width: 800px) 100vw, 800px\" \/><\/a>\n\t\t\t<\/div><\/figure><figure class='gallery-item'>\n\t\t\t<div class='gallery-icon landscape'>\n\t\t\t\t<a href='https:\/\/www.fundacionelpilar.cl\/web\/liceo-comercial-el-pilar-ha-vibrado-con-las-letras-y-la-cultura-de-chiloe\/dsc_1837\/'><img loading=\"lazy\" decoding=\"async\" width=\"800\" height=\"450\" src=\"https:\/\/www.fundacionelpilar.cl\/web\/wp-content\/uploads\/2026\/04\/DSC_1837-1024x576.jpg\" class=\"attachment-large size-large\" alt=\"\" srcset=\"https:\/\/www.fundacionelpilar.cl\/web\/wp-content\/uploads\/2026\/04\/DSC_1837-1024x576.jpg 1024w, https:\/\/www.fundacionelpilar.cl\/web\/wp-content\/uploads\/2026\/04\/DSC_1837-300x169.jpg 300w, https:\/\/www.fundacionelpilar.cl\/web\/wp-content\/uploads\/2026\/04\/DSC_1837-768x432.jpg 768w, https:\/\/www.fundacionelpilar.cl\/web\/wp-content\/uploads\/2026\/04\/DSC_1837-1536x864.jpg 1536w, https:\/\/www.fundacionelpilar.cl\/web\/wp-content\/uploads\/2026\/04\/DSC_1837.jpg 1920w\" sizes=\"(max-width: 800px) 100vw, 800px\" \/><\/a>\n\t\t\t<\/div><\/figure><figure class='gallery-item'>\n\t\t\t<div class='gallery-icon landscape'>\n\t\t\t\t<a href='https:\/\/www.fundacionelpilar.cl\/web\/liceo-comercial-el-pilar-ha-vibrado-con-las-letras-y-la-cultura-de-chiloe\/dsc_1839\/'><img loading=\"lazy\" decoding=\"async\" width=\"800\" height=\"450\" src=\"https:\/\/www.fundacionelpilar.cl\/web\/wp-content\/uploads\/2026\/04\/DSC_1839-1024x576.jpg\" class=\"attachment-large size-large\" alt=\"\" srcset=\"https:\/\/www.fundacionelpilar.cl\/web\/wp-content\/uploads\/2026\/04\/DSC_1839-1024x576.jpg 1024w, https:\/\/www.fundacionelpilar.cl\/web\/wp-content\/uploads\/2026\/04\/DSC_1839-300x169.jpg 300w, https:\/\/www.fundacionelpilar.cl\/web\/wp-content\/uploads\/2026\/04\/DSC_1839-768x432.jpg 768w, https:\/\/www.fundacionelpilar.cl\/web\/wp-content\/uploads\/2026\/04\/DSC_1839-1536x864.jpg 1536w, https:\/\/www.fundacionelpilar.cl\/web\/wp-content\/uploads\/2026\/04\/DSC_1839.jpg 1920w\" sizes=\"(max-width: 800px) 100vw, 800px\" \/><\/a>\n\t\t\t<\/div><\/figure><figure class='gallery-item'>\n\t\t\t<div class='gallery-icon landscape'>\n\t\t\t\t<a href='https:\/\/www.fundacionelpilar.cl\/web\/liceo-comercial-el-pilar-ha-vibrado-con-las-letras-y-la-cultura-de-chiloe\/dsc_1842\/'><img loading=\"lazy\" decoding=\"async\" width=\"800\" height=\"450\" src=\"https:\/\/www.fundacionelpilar.cl\/web\/wp-content\/uploads\/2026\/04\/DSC_1842-1024x576.jpg\" class=\"attachment-large size-large\" alt=\"\" srcset=\"https:\/\/www.fundacionelpilar.cl\/web\/wp-content\/uploads\/2026\/04\/DSC_1842-1024x576.jpg 1024w, https:\/\/www.fundacionelpilar.cl\/web\/wp-content\/uploads\/2026\/04\/DSC_1842-300x169.jpg 300w, https:\/\/www.fundacionelpilar.cl\/web\/wp-content\/uploads\/2026\/04\/DSC_1842-768x432.jpg 768w, https:\/\/www.fundacionelpilar.cl\/web\/wp-content\/uploads\/2026\/04\/DSC_1842-1536x864.jpg 1536w, https:\/\/www.fundacionelpilar.cl\/web\/wp-content\/uploads\/2026\/04\/DSC_1842.jpg 1920w\" sizes=\"(max-width: 800px) 100vw, 800px\" \/><\/a>\n\t\t\t<\/div><\/figure><figure class='gallery-item'>\n\t\t\t<div class='gallery-icon landscape'>\n\t\t\t\t<a href='https:\/\/www.fundacionelpilar.cl\/web\/liceo-comercial-el-pilar-ha-vibrado-con-las-letras-y-la-cultura-de-chiloe\/dsc_1864\/'><img loading=\"lazy\" decoding=\"async\" width=\"800\" height=\"450\" src=\"https:\/\/www.fundacionelpilar.cl\/web\/wp-content\/uploads\/2026\/04\/DSC_1864-1024x576.jpg\" class=\"attachment-large size-large\" alt=\"\" srcset=\"https:\/\/www.fundacionelpilar.cl\/web\/wp-content\/uploads\/2026\/04\/DSC_1864-1024x576.jpg 1024w, https:\/\/www.fundacionelpilar.cl\/web\/wp-content\/uploads\/2026\/04\/DSC_1864-300x169.jpg 300w, https:\/\/www.fundacionelpilar.cl\/web\/wp-content\/uploads\/2026\/04\/DSC_1864-768x432.jpg 768w, https:\/\/www.fundacionelpilar.cl\/web\/wp-content\/uploads\/2026\/04\/DSC_1864-1536x864.jpg 1536w, https:\/\/www.fundacionelpilar.cl\/web\/wp-content\/uploads\/2026\/04\/DSC_1864.jpg 1920w\" sizes=\"(max-width: 800px) 100vw, 800px\" \/><\/a>\n\t\t\t<\/div><\/figure><figure class='gallery-item'>\n\t\t\t<div class='gallery-icon landscape'>\n\t\t\t\t<a href='https:\/\/www.fundacionelpilar.cl\/web\/liceo-comercial-el-pilar-ha-vibrado-con-las-letras-y-la-cultura-de-chiloe\/dsc_1871\/'><img loading=\"lazy\" decoding=\"async\" width=\"800\" height=\"450\" src=\"https:\/\/www.fundacionelpilar.cl\/web\/wp-content\/uploads\/2026\/04\/DSC_1871-1024x576.jpg\" class=\"attachment-large size-large\" alt=\"\" srcset=\"https:\/\/www.fundacionelpilar.cl\/web\/wp-content\/uploads\/2026\/04\/DSC_1871-1024x576.jpg 1024w, https:\/\/www.fundacionelpilar.cl\/web\/wp-content\/uploads\/2026\/04\/DSC_1871-300x169.jpg 300w, https:\/\/www.fundacionelpilar.cl\/web\/wp-content\/uploads\/2026\/04\/DSC_1871-768x432.jpg 768w, https:\/\/www.fundacionelpilar.cl\/web\/wp-content\/uploads\/2026\/04\/DSC_1871-1536x864.jpg 1536w, https:\/\/www.fundacionelpilar.cl\/web\/wp-content\/uploads\/2026\/04\/DSC_1871.jpg 1920w\" sizes=\"(max-width: 800px) 100vw, 800px\" \/><\/a>\n\t\t\t<\/div><\/figure>\n\t\t<\/div>\n\n<\/div>\n<div dir=\"auto\"><\/div>\n<div dir=\"auto\"><a href=\"https:\/\/www.facebook.com\/photo\/?fbid=1427354379194360&amp;set=pcb.1427369729192825&amp;__cft__[0]=AZbvTRpmqHlUAQ1TxggC-6PdPUqbkQKxLMN9LxbN_az_bvJZkMUzzeaM5S04B0MNihB9SaOAGGg8ZZWTK6Ltz3l9qd9QJqtrQ4h76t7kwd-mUZuahQM9IJbQC48CHPQnxyuWBOu7QdjzB4TKKByj5HKq&amp;__tn__=*b3H-R\">Ver m\u00e1s im\u00e1genes<\/a><\/div>\n<div dir=\"auto\"><\/div>\n<div dir=\"auto\"><\/div>\n<div class=\"x14z9mp xat24cr x1lziwak x1vvkbs xtlvy1s x126k92a\">\n<blockquote>\n<h5 dir=\"auto\" style=\"text-align: center;\">Fundaci\u00f3n El Pilar de Ancud: 72 a\u00f1os formando personas \u00edntegras, comprometidas con el desarrollo de la sociedad, el cuidado de la Vida y de la madre tierra.<\/h5>\n<\/blockquote>\n<\/div>\n","protected":false},"excerpt":{"rendered":"<p>Muestra por el D\u00eda del Libro y el derecho de autor ha cautivado la atenci\u00f3n de la comunidad educativa.<\/p>\n","protected":false},"author":5,"featured_media":14417,"comment_status":"closed","ping_status":"closed","sticky":false,"template":"","format":"standard","meta":{"footnotes":""},"categories":[22],"tags":[],"class_list":["post-14410","post","type-post","status-publish","format-standard","has-post-thumbnail","hentry","category-liceo"],"_links":{"self":[{"href":"https:\/\/www.fundacionelpilar.cl\/web\/wp-json\/wp\/v2\/posts\/14410","targetHints":{"allow":["GET"]}}],"collection":[{"href":"https:\/\/www.fundacionelpilar.cl\/web\/wp-json\/wp\/v2\/posts"}],"about":[{"href":"https:\/\/www.fundacionelpilar.cl\/web\/wp-json\/wp\/v2\/types\/post"}],"author":[{"embeddable":true,"href":"https:\/\/www.fundacionelpilar.cl\/web\/wp-json\/wp\/v2\/users\/5"}],"replies":[{"embeddable":true,"href":"https:\/\/www.fundacionelpilar.cl\/web\/wp-json\/wp\/v2\/comments?post=14410"}],"version-history":[{"count":1,"href":"https:\/\/www.fundacionelpilar.cl\/web\/wp-json\/wp\/v2\/posts\/14410\/revisions"}],"predecessor-version":[{"id":14418,"href":"https:\/\/www.fundacionelpilar.cl\/web\/wp-json\/wp\/v2\/posts\/14410\/revisions\/14418"}],"wp:featuredmedia":[{"embeddable":true,"href":"https:\/\/www.fundacionelpilar.cl\/web\/wp-json\/wp\/v2\/media\/14417"}],"wp:attachment":[{"href":"https:\/\/www.fundacionelpilar.cl\/web\/wp-json\/wp\/v2\/media?parent=14410"}],"wp:term":[{"taxonomy":"category","embeddable":true,"href":"https:\/\/www.fundacionelpilar.cl\/web\/wp-json\/wp\/v2\/categories?post=14410"},{"taxonomy":"post_tag","embeddable":true,"href":"https:\/\/www.fundacionelpilar.cl\/web\/wp-json\/wp\/v2\/tags?post=14410"}],"curies":[{"name":"wp","href":"https:\/\/api.w.org\/{rel}","templated":true}]}}