{"id":14405,"date":"2026-04-29T13:46:01","date_gmt":"2026-04-29T13:46:01","guid":{"rendered":"https:\/\/www.fundacionelpilar.cl\/web\/?p=14405"},"modified":"2026-04-29T13:46:01","modified_gmt":"2026-04-29T13:46:01","slug":"reunion-de-apoderados-en-internado-femenino","status":"publish","type":"post","link":"https:\/\/www.fundacionelpilar.cl\/web\/reunion-de-apoderados-en-internado-femenino\/","title":{"rendered":"Reuni\u00f3n de apoderados en Internado Femenino"},"content":{"rendered":"<p><strong>Se est\u00e1 convocando al primer encuentro del a\u00f1o de las madres, padres y tutores (as) de las estudiantes internas del Liceo Comercial El Pilar.<\/strong><!--more--><\/p>\n<div class=\"x14z9mp xat24cr x1lziwak x1vvkbs xtlvy1s x126k92a\">\n<div dir=\"auto\">A las madres, padres y tutores (as) de las alumnas del Internado, se informa que el d\u00eda jueves 7 de mayo, a las 10:30 de la ma\u00f1ana, se realizar\u00e1 la primera reuni\u00f3n de apoderados del a\u00f1o.<\/div>\n<div dir=\"auto\"><\/div>\n<\/div>\n<div class=\"x14z9mp xat24cr x1lziwak x1vvkbs xtlvy1s x126k92a\">\n<div dir=\"auto\">La citaci\u00f3n es en dependencias del Internado Femenino de nuestra Fundaci\u00f3n, ubicado en calle An\u00edbal Pinto 520.<\/div>\n<div dir=\"auto\"><\/div>\n<\/div>\n<div class=\"x14z9mp xat24cr x1lziwak x1vvkbs xtlvy1s x126k92a\">\n<div dir=\"auto\">Se ruega a todos su asistencia y puntualidad.<\/div>\n<\/div>\n<div dir=\"auto\"><\/div>\n<div dir=\"auto\"><a href=\"https:\/\/www.fundacionelpilar.cl\/web\/reunion-de-apoderados-en-internado-femenino\/necesitas-comunicarte-11\/\" rel=\"attachment wp-att-14407\"><img fetchpriority=\"high\" decoding=\"async\" class=\"alignnone wp-image-14407 \" src=\"https:\/\/www.fundacionelpilar.cl\/web\/wp-content\/uploads\/2026\/04\/Necesitas-comunicarte-11.jpg\" alt=\"\" width=\"630\" height=\"528\" srcset=\"https:\/\/www.fundacionelpilar.cl\/web\/wp-content\/uploads\/2026\/04\/Necesitas-comunicarte-11.jpg 940w, https:\/\/www.fundacionelpilar.cl\/web\/wp-content\/uploads\/2026\/04\/Necesitas-comunicarte-11-300x251.jpg 300w, https:\/\/www.fundacionelpilar.cl\/web\/wp-content\/uploads\/2026\/04\/Necesitas-comunicarte-11-768x644.jpg 768w\" sizes=\"(max-width: 630px) 100vw, 630px\" \/><\/a><\/div>\n<div class=\"x14z9mp xat24cr x1lziwak x1vvkbs xtlvy1s x126k92a\">\n<div dir=\"auto\"><\/div>\n<blockquote>\n<h5 dir=\"auto\" style=\"text-align: center;\"><\/h5>\n<h5 dir=\"auto\" style=\"text-align: center;\">Fundaci\u00f3n El Pilar de Ancud: 72 a\u00f1os formando personas \u00edntegras, comprometidas con el desarrollo de la sociedad, el cuidado de la Vida y de la madre tierra.<\/h5>\n<\/blockquote>\n<\/div>\n<p>&nbsp;<\/p>\n","protected":false},"excerpt":{"rendered":"<p>Se est\u00e1 convocando al primer encuentro del a\u00f1o de las madres, padres y tutores (as) de las estudiantes internas del Liceo Comercial El Pilar.<\/p>\n","protected":false},"author":5,"featured_media":14406,"comment_status":"closed","ping_status":"closed","sticky":false,"template":"","format":"standard","meta":{"footnotes":""},"categories":[9],"tags":[],"class_list":["post-14405","post","type-post","status-publish","format-standard","has-post-thumbnail","hentry","category-corporativo"],"_links":{"self":[{"href":"https:\/\/www.fundacionelpilar.cl\/web\/wp-json\/wp\/v2\/posts\/14405","targetHints":{"allow":["GET"]}}],"collection":[{"href":"https:\/\/www.fundacionelpilar.cl\/web\/wp-json\/wp\/v2\/posts"}],"about":[{"href":"https:\/\/www.fundacionelpilar.cl\/web\/wp-json\/wp\/v2\/types\/post"}],"author":[{"embeddable":true,"href":"https:\/\/www.fundacionelpilar.cl\/web\/wp-json\/wp\/v2\/users\/5"}],"replies":[{"embeddable":true,"href":"https:\/\/www.fundacionelpilar.cl\/web\/wp-json\/wp\/v2\/comments?post=14405"}],"version-history":[{"count":2,"href":"https:\/\/www.fundacionelpilar.cl\/web\/wp-json\/wp\/v2\/posts\/14405\/revisions"}],"predecessor-version":[{"id":14409,"href":"https:\/\/www.fundacionelpilar.cl\/web\/wp-json\/wp\/v2\/posts\/14405\/revisions\/14409"}],"wp:featuredmedia":[{"embeddable":true,"href":"https:\/\/www.fundacionelpilar.cl\/web\/wp-json\/wp\/v2\/media\/14406"}],"wp:attachment":[{"href":"https:\/\/www.fundacionelpilar.cl\/web\/wp-json\/wp\/v2\/media?parent=14405"}],"wp:term":[{"taxonomy":"category","embeddable":true,"href":"https:\/\/www.fundacionelpilar.cl\/web\/wp-json\/wp\/v2\/categories?post=14405"},{"taxonomy":"post_tag","embeddable":true,"href":"https:\/\/www.fundacionelpilar.cl\/web\/wp-json\/wp\/v2\/tags?post=14405"}],"curies":[{"name":"wp","href":"https:\/\/api.w.org\/{rel}","templated":true}]}}