{"id":14396,"date":"2026-04-28T13:14:37","date_gmt":"2026-04-28T13:14:37","guid":{"rendered":"https:\/\/www.fundacionelpilar.cl\/web\/?p=14396"},"modified":"2026-04-28T13:14:37","modified_gmt":"2026-04-28T13:14:37","slug":"estudiantes-del-liceo-el-pilar-oraron-por-la-paz","status":"publish","type":"post","link":"https:\/\/www.fundacionelpilar.cl\/web\/estudiantes-del-liceo-el-pilar-oraron-por-la-paz\/","title":{"rendered":"Estudiantes del Liceo El Pilar oraron por la Paz"},"content":{"rendered":"<div class=\"x14z9mp xat24cr x1lziwak x1vvkbs xtlvy1s x126k92a\">\n<div dir=\"auto\"><strong>Actividad vino a cerrar las instancias previas de reflexi\u00f3n que se han desarrollado en el establecimiento.<\/strong><\/div>\n<\/div>\n<p><!--more--><\/p>\n<div dir=\"auto\"><\/div>\n<div class=\"x14z9mp xat24cr x1lziwak x1vvkbs xtlvy1s x126k92a\">\n<div dir=\"auto\"><strong>\u00abNuestro espacio, nuestra paz\u00bb<\/strong>. Bajo ese t\u00edtulo se desarroll\u00f3 ayer la liturgia de la palabra en la que participaron nuestros estudiantes del Liceo Comercial El Pilar.<\/div>\n<div dir=\"auto\"><\/div>\n<\/div>\n<div class=\"x14z9mp xat24cr x1lziwak x1vvkbs xtlvy1s x126k92a\">\n<div dir=\"auto\">La actividad convocada desde Formaci\u00f3n Pastoral vino a cerrar las instancias de reflexi\u00f3n que se realizaron los pasados d\u00edas en el establecimiento.<\/div>\n<div dir=\"auto\"><\/div>\n<\/div>\n<div class=\"x14z9mp xat24cr x1lziwak x1vvkbs xtlvy1s x126k92a\">\n<div dir=\"auto\">Recordemos que hace unas semanas vivimos momentos tristes como comunidad educativa en Pastoral por unos rayados que aparecieron en ba\u00f1os del Liceo.<\/div>\n<div dir=\"auto\"><\/div>\n<\/div>\n<div class=\"x14z9mp xat24cr x1lziwak x1vvkbs xtlvy1s x126k92a\">\n<div dir=\"auto\">No queremos tapar el sol con un dedo, pero tampoco queremos que el miedo sea el que mande en nuestros pasillos, en nuestro Liceo.<\/div>\n<div dir=\"auto\"><\/div>\n<\/div>\n<div class=\"x14z9mp xat24cr x1lziwak x1vvkbs xtlvy1s x126k92a\">\n<div dir=\"auto\">Este lugar es nuestra segunda casa, y en las casas, cuando algo asusta, la familia se une y re\u00fane para cuidarse.<\/div>\n<div dir=\"auto\"><\/div>\n<\/div>\n<div class=\"x14z9mp xat24cr x1lziwak x1vvkbs xtlvy1s x126k92a\">\n<div dir=\"auto\">De esta manera fue entonces como se reuni\u00f3 toda la comunidad en el gimnasio, partiendo con los primeros y segundos medios y luego con los terceros y cuartos.<\/div>\n<div dir=\"auto\"><\/div>\n<\/div>\n<div class=\"x14z9mp xat24cr x1lziwak x1vvkbs xtlvy1s x126k92a\">\n<div dir=\"auto\">La idea fue ir viviendo diferentes signos de la mano de oraciones, lecturas b\u00edblicas, cantos, reflexiones, una danza y un video.<\/div>\n<div dir=\"auto\"><\/div>\n<\/div>\n<div class=\"x14z9mp xat24cr x1lziwak x1vvkbs xtlvy1s x126k92a\">\n<div dir=\"auto\">Cabe indicar adem\u00e1s que la actividad se da igualmente en el marco de la Semana de la Convivencia Escolar, ya que este 29 de abril se celebra en Chile el d\u00eda de la Convivencia Educativa, enfocado en fortalecer comunidades inclusivas y el buen trato.<\/div>\n<div dir=\"auto\"><\/div>\n<\/div>\n<div class=\"x14z9mp xat24cr x1lziwak x1vvkbs xtlvy1s x126k92a\">\n<div dir=\"auto\">Al finalizar la intervenci\u00f3n docentes y estudiantes tomaron cada uno de los lienzos que se trabajaron los pasados d\u00edas y se dirigieron a diferentes puntos del establecimiento. La finalidad era poder colocarlos en distintos espacios que fueran visibles.<\/div>\n<div dir=\"auto\"><\/div>\n<\/div>\n<div class=\"x14z9mp xat24cr x1lziwak x1vvkbs xtlvy1s x126k92a\">\n<div dir=\"auto\">Gracias, Se\u00f1or, porque hoy decidimos ser comunidad. Que Dios nos bendiga y nos cuide siempre.<\/div>\n<\/div>\n<div dir=\"auto\"><\/div>\n<div dir=\"auto\">\n<div id='gallery-1' class='gallery galleryid-14396 gallery-columns-3 gallery-size-large'><figure class='gallery-item'>\n\t\t\t<div class='gallery-icon landscape'>\n\t\t\t\t<a href='https:\/\/www.fundacionelpilar.cl\/web\/estudiantes-del-liceo-el-pilar-oraron-por-la-paz\/dsc_1694\/'><img fetchpriority=\"high\" decoding=\"async\" width=\"800\" height=\"449\" src=\"https:\/\/www.fundacionelpilar.cl\/web\/wp-content\/uploads\/2026\/04\/DSC_1694-1024x575.jpg\" class=\"attachment-large size-large\" alt=\"\" srcset=\"https:\/\/www.fundacionelpilar.cl\/web\/wp-content\/uploads\/2026\/04\/DSC_1694-1024x575.jpg 1024w, https:\/\/www.fundacionelpilar.cl\/web\/wp-content\/uploads\/2026\/04\/DSC_1694-300x169.jpg 300w, https:\/\/www.fundacionelpilar.cl\/web\/wp-content\/uploads\/2026\/04\/DSC_1694-768x432.jpg 768w, https:\/\/www.fundacionelpilar.cl\/web\/wp-content\/uploads\/2026\/04\/DSC_1694-1536x863.jpg 1536w, https:\/\/www.fundacionelpilar.cl\/web\/wp-content\/uploads\/2026\/04\/DSC_1694.jpg 2000w\" sizes=\"(max-width: 800px) 100vw, 800px\" \/><\/a>\n\t\t\t<\/div><\/figure><figure class='gallery-item'>\n\t\t\t<div class='gallery-icon landscape'>\n\t\t\t\t<a href='https:\/\/www.fundacionelpilar.cl\/web\/estudiantes-del-liceo-el-pilar-oraron-por-la-paz\/dsc_1718\/'><img decoding=\"async\" width=\"800\" height=\"449\" src=\"https:\/\/www.fundacionelpilar.cl\/web\/wp-content\/uploads\/2026\/04\/DSC_1718-1024x575.jpg\" class=\"attachment-large size-large\" alt=\"\" srcset=\"https:\/\/www.fundacionelpilar.cl\/web\/wp-content\/uploads\/2026\/04\/DSC_1718-1024x575.jpg 1024w, https:\/\/www.fundacionelpilar.cl\/web\/wp-content\/uploads\/2026\/04\/DSC_1718-300x169.jpg 300w, https:\/\/www.fundacionelpilar.cl\/web\/wp-content\/uploads\/2026\/04\/DSC_1718-768x432.jpg 768w, https:\/\/www.fundacionelpilar.cl\/web\/wp-content\/uploads\/2026\/04\/DSC_1718-1536x863.jpg 1536w, https:\/\/www.fundacionelpilar.cl\/web\/wp-content\/uploads\/2026\/04\/DSC_1718.jpg 2000w\" sizes=\"(max-width: 800px) 100vw, 800px\" \/><\/a>\n\t\t\t<\/div><\/figure><figure class='gallery-item'>\n\t\t\t<div class='gallery-icon landscape'>\n\t\t\t\t<a href='https:\/\/www.fundacionelpilar.cl\/web\/estudiantes-del-liceo-el-pilar-oraron-por-la-paz\/dsc_1729-2\/'><img decoding=\"async\" width=\"800\" height=\"449\" src=\"https:\/\/www.fundacionelpilar.cl\/web\/wp-content\/uploads\/2026\/04\/DSC_1729-1024x575.jpg\" class=\"attachment-large size-large\" alt=\"\" srcset=\"https:\/\/www.fundacionelpilar.cl\/web\/wp-content\/uploads\/2026\/04\/DSC_1729-1024x575.jpg 1024w, https:\/\/www.fundacionelpilar.cl\/web\/wp-content\/uploads\/2026\/04\/DSC_1729-300x169.jpg 300w, https:\/\/www.fundacionelpilar.cl\/web\/wp-content\/uploads\/2026\/04\/DSC_1729-768x432.jpg 768w, https:\/\/www.fundacionelpilar.cl\/web\/wp-content\/uploads\/2026\/04\/DSC_1729-1536x863.jpg 1536w, https:\/\/www.fundacionelpilar.cl\/web\/wp-content\/uploads\/2026\/04\/DSC_1729.jpg 2000w\" sizes=\"(max-width: 800px) 100vw, 800px\" \/><\/a>\n\t\t\t<\/div><\/figure><figure class='gallery-item'>\n\t\t\t<div class='gallery-icon landscape'>\n\t\t\t\t<a href='https:\/\/www.fundacionelpilar.cl\/web\/estudiantes-del-liceo-el-pilar-oraron-por-la-paz\/dsc_1744\/'><img loading=\"lazy\" decoding=\"async\" width=\"800\" height=\"449\" src=\"https:\/\/www.fundacionelpilar.cl\/web\/wp-content\/uploads\/2026\/04\/DSC_1744-1024x575.jpg\" class=\"attachment-large size-large\" alt=\"\" srcset=\"https:\/\/www.fundacionelpilar.cl\/web\/wp-content\/uploads\/2026\/04\/DSC_1744-1024x575.jpg 1024w, https:\/\/www.fundacionelpilar.cl\/web\/wp-content\/uploads\/2026\/04\/DSC_1744-300x169.jpg 300w, https:\/\/www.fundacionelpilar.cl\/web\/wp-content\/uploads\/2026\/04\/DSC_1744-768x432.jpg 768w, https:\/\/www.fundacionelpilar.cl\/web\/wp-content\/uploads\/2026\/04\/DSC_1744-1536x863.jpg 1536w, https:\/\/www.fundacionelpilar.cl\/web\/wp-content\/uploads\/2026\/04\/DSC_1744.jpg 2000w\" sizes=\"(max-width: 800px) 100vw, 800px\" \/><\/a>\n\t\t\t<\/div><\/figure><figure class='gallery-item'>\n\t\t\t<div class='gallery-icon landscape'>\n\t\t\t\t<a href='https:\/\/www.fundacionelpilar.cl\/web\/estudiantes-del-liceo-el-pilar-oraron-por-la-paz\/dsc_1747\/'><img loading=\"lazy\" decoding=\"async\" width=\"800\" height=\"449\" src=\"https:\/\/www.fundacionelpilar.cl\/web\/wp-content\/uploads\/2026\/04\/DSC_1747-1024x575.jpg\" class=\"attachment-large size-large\" alt=\"\" srcset=\"https:\/\/www.fundacionelpilar.cl\/web\/wp-content\/uploads\/2026\/04\/DSC_1747-1024x575.jpg 1024w, https:\/\/www.fundacionelpilar.cl\/web\/wp-content\/uploads\/2026\/04\/DSC_1747-300x169.jpg 300w, https:\/\/www.fundacionelpilar.cl\/web\/wp-content\/uploads\/2026\/04\/DSC_1747-768x432.jpg 768w, https:\/\/www.fundacionelpilar.cl\/web\/wp-content\/uploads\/2026\/04\/DSC_1747-1536x863.jpg 1536w, https:\/\/www.fundacionelpilar.cl\/web\/wp-content\/uploads\/2026\/04\/DSC_1747.jpg 2000w\" sizes=\"(max-width: 800px) 100vw, 800px\" \/><\/a>\n\t\t\t<\/div><\/figure><figure class='gallery-item'>\n\t\t\t<div class='gallery-icon landscape'>\n\t\t\t\t<a href='https:\/\/www.fundacionelpilar.cl\/web\/estudiantes-del-liceo-el-pilar-oraron-por-la-paz\/dsc_1707\/'><img loading=\"lazy\" decoding=\"async\" width=\"800\" height=\"449\" src=\"https:\/\/www.fundacionelpilar.cl\/web\/wp-content\/uploads\/2026\/04\/DSC_1707-1024x575.jpg\" class=\"attachment-large size-large\" alt=\"\" srcset=\"https:\/\/www.fundacionelpilar.cl\/web\/wp-content\/uploads\/2026\/04\/DSC_1707-1024x575.jpg 1024w, https:\/\/www.fundacionelpilar.cl\/web\/wp-content\/uploads\/2026\/04\/DSC_1707-300x169.jpg 300w, https:\/\/www.fundacionelpilar.cl\/web\/wp-content\/uploads\/2026\/04\/DSC_1707-768x432.jpg 768w, https:\/\/www.fundacionelpilar.cl\/web\/wp-content\/uploads\/2026\/04\/DSC_1707-1536x863.jpg 1536w, https:\/\/www.fundacionelpilar.cl\/web\/wp-content\/uploads\/2026\/04\/DSC_1707.jpg 2000w\" sizes=\"(max-width: 800px) 100vw, 800px\" \/><\/a>\n\t\t\t<\/div><\/figure>\n\t\t<\/div>\n\n<\/div>\n<div class=\"x14z9mp xat24cr x1lziwak x1vvkbs xtlvy1s x126k92a\">\n<blockquote>\n<h5 dir=\"auto\" style=\"text-align: center;\"><strong>Fundaci\u00f3n El Pilar de Ancud: 72 a\u00f1os formando personas \u00edntegras, comprometidas con el desarrollo de la sociedad, el cuidado de la Vida y de la madre tierra.<\/strong><\/h5>\n<\/blockquote>\n<\/div>\n","protected":false},"excerpt":{"rendered":"<p>Actividad vino a cerrar las instancias previas de reflexi\u00f3n que se han desarrollado en el establecimiento.<\/p>\n","protected":false},"author":5,"featured_media":14403,"comment_status":"closed","ping_status":"closed","sticky":false,"template":"","format":"standard","meta":{"footnotes":""},"categories":[22],"tags":[],"class_list":["post-14396","post","type-post","status-publish","format-standard","has-post-thumbnail","hentry","category-liceo"],"_links":{"self":[{"href":"https:\/\/www.fundacionelpilar.cl\/web\/wp-json\/wp\/v2\/posts\/14396","targetHints":{"allow":["GET"]}}],"collection":[{"href":"https:\/\/www.fundacionelpilar.cl\/web\/wp-json\/wp\/v2\/posts"}],"about":[{"href":"https:\/\/www.fundacionelpilar.cl\/web\/wp-json\/wp\/v2\/types\/post"}],"author":[{"embeddable":true,"href":"https:\/\/www.fundacionelpilar.cl\/web\/wp-json\/wp\/v2\/users\/5"}],"replies":[{"embeddable":true,"href":"https:\/\/www.fundacionelpilar.cl\/web\/wp-json\/wp\/v2\/comments?post=14396"}],"version-history":[{"count":1,"href":"https:\/\/www.fundacionelpilar.cl\/web\/wp-json\/wp\/v2\/posts\/14396\/revisions"}],"predecessor-version":[{"id":14404,"href":"https:\/\/www.fundacionelpilar.cl\/web\/wp-json\/wp\/v2\/posts\/14396\/revisions\/14404"}],"wp:featuredmedia":[{"embeddable":true,"href":"https:\/\/www.fundacionelpilar.cl\/web\/wp-json\/wp\/v2\/media\/14403"}],"wp:attachment":[{"href":"https:\/\/www.fundacionelpilar.cl\/web\/wp-json\/wp\/v2\/media?parent=14396"}],"wp:term":[{"taxonomy":"category","embeddable":true,"href":"https:\/\/www.fundacionelpilar.cl\/web\/wp-json\/wp\/v2\/categories?post=14396"},{"taxonomy":"post_tag","embeddable":true,"href":"https:\/\/www.fundacionelpilar.cl\/web\/wp-json\/wp\/v2\/tags?post=14396"}],"curies":[{"name":"wp","href":"https:\/\/api.w.org\/{rel}","templated":true}]}}