{"id":14387,"date":"2026-04-27T16:38:29","date_gmt":"2026-04-27T16:38:29","guid":{"rendered":"https:\/\/www.fundacionelpilar.cl\/web\/?p=14387"},"modified":"2026-04-27T16:38:29","modified_gmt":"2026-04-27T16:38:29","slug":"nuevo-grupo-de-jovenes-del-liceo-el-pilar-celebro-su-confirmacion","status":"publish","type":"post","link":"https:\/\/www.fundacionelpilar.cl\/web\/nuevo-grupo-de-jovenes-del-liceo-el-pilar-celebro-su-confirmacion\/","title":{"rendered":"Nuevo grupo de j\u00f3venes del Liceo El Pilar celebr\u00f3 su Confirmaci\u00f3n"},"content":{"rendered":"<p><strong>El d\u00eda viernes 24 de abril se llev\u00f3 a cabo la ceremonia en la Catedral de la ciudad de Ancud.<\/strong><!--more--><\/p>\n<p>&nbsp;<\/p>\n<div class=\"x14z9mp xat24cr x1lziwak x1vvkbs xtlvy1s x126k92a\">\n<div dir=\"auto\">El viernes 24 de abril vivimos una celebraci\u00f3n muy significativa para nuestra comunidad pilarina. Un total de 38 estudiantes del Liceo Comercial El Pilar, junto a un grupo de m\u00e1s de 10 adultos de la Parroquia El Buen Pastor, recibieron el Sacramento de la Confirmaci\u00f3n, reafirmando su deseo de seguir caminando junto a Jes\u00fas y de profundizar su vida de fe.<\/div>\n<div dir=\"auto\"><\/div>\n<\/div>\n<div class=\"x14z9mp xat24cr x1lziwak x1vvkbs xtlvy1s x126k92a\">\n<div dir=\"auto\">La ceremonia, celebrada en la Catedral de la ciudad de Ancud, estuvo presidida por Monse\u00f1or Juan Mar\u00eda Agurto, obispo de la Di\u00f3cesis San Carlos de Ancud, quien invit\u00f3 especialmente a los j\u00f3venes a abrir su coraz\u00f3n a Dios.<\/div>\n<div dir=\"auto\"><\/div>\n<\/div>\n<div class=\"x14z9mp xat24cr x1lziwak x1vvkbs xtlvy1s x126k92a\">\n<div dir=\"auto\">As\u00ed, en tiempo de Pascua, en el que seguimos celebrando con alegr\u00eda que Cristo ha resucitado y vive en medio de nosotros, compartimos como comunidad la satisfacci\u00f3n por estos pilarinos y pilarinas que recibieron m\u00e1s fuerza para vivir su fe con valent\u00eda y compromiso.<\/div>\n<div dir=\"auto\"><\/div>\n<\/div>\n<div class=\"x14z9mp xat24cr x1lziwak x1vvkbs xtlvy1s x126k92a\">\n<div dir=\"auto\">De esta manera uno a uno fueron presentados estos j\u00f3venes cristianos que con esperanza, desde la libertad y luego de un discernimiento consciente, decidieron confirmarse, recibiendo igualmente varios de ellos su Primera Comuni\u00f3n. Juntos recorrieron un camino de formaci\u00f3n en el que se han ido dejando transformar en peque\u00f1as cosas; aprendiendo a vivir para los dem\u00e1s.<\/div>\n<div dir=\"auto\"><\/div>\n<\/div>\n<div class=\"x14z9mp xat24cr x1lziwak x1vvkbs xtlvy1s x126k92a\">\n<div dir=\"auto\">En un ambiente de oraci\u00f3n y alegr\u00eda, los estudiantes con la imposici\u00f3n de las manos de parte de nuestro Obispo, recibieron la unci\u00f3n con el Santo Crisma, signo de la presencia del Esp\u00edritu Santo que los fortalece y env\u00eda a vivir su fe en su d\u00eda a d\u00eda.<\/div>\n<div dir=\"auto\"><\/div>\n<\/div>\n<div class=\"x14z9mp xat24cr x1lziwak x1vvkbs xtlvy1s x126k92a\">\n<div dir=\"auto\">Como comunidad educativa en Pastoral damos gracias por este paso en su itinerario formativo y por la oportunidad de acompa\u00f1arlos en su crecimiento espiritual. Los invitamos a dejarse guiar siempre por el Esp\u00edritu Santo y a caminar de la mano de Mar\u00eda, nuestra madre, para que los sostenga en cada etapa de su vida.<\/div>\n<div dir=\"auto\"><\/div>\n<\/div>\n<div class=\"x14z9mp xat24cr x1lziwak x1vvkbs xtlvy1s x126k92a\">\n<div dir=\"auto\">Que esta celebraci\u00f3n sea para todos un nuevo impulso para permanecer unidos a Cristo y dar frutos de amor, tal cual nos dijo el Evangelio le\u00eddo este d\u00eda (Juan 15,1-10).<\/div>\n<\/div>\n<div dir=\"auto\"><\/div>\n<div dir=\"auto\">\n<div id='gallery-1' class='gallery galleryid-14387 gallery-columns-3 gallery-size-large'><figure class='gallery-item'>\n\t\t\t<div class='gallery-icon landscape'>\n\t\t\t\t<a href='https:\/\/www.fundacionelpilar.cl\/web\/nuevo-grupo-de-jovenes-del-liceo-el-pilar-celebro-su-confirmacion\/dsc_1485\/'><img fetchpriority=\"high\" decoding=\"async\" width=\"800\" height=\"449\" src=\"https:\/\/www.fundacionelpilar.cl\/web\/wp-content\/uploads\/2026\/04\/DSC_1485-1024x575.jpg\" class=\"attachment-large size-large\" alt=\"\" srcset=\"https:\/\/www.fundacionelpilar.cl\/web\/wp-content\/uploads\/2026\/04\/DSC_1485-1024x575.jpg 1024w, https:\/\/www.fundacionelpilar.cl\/web\/wp-content\/uploads\/2026\/04\/DSC_1485-300x169.jpg 300w, https:\/\/www.fundacionelpilar.cl\/web\/wp-content\/uploads\/2026\/04\/DSC_1485-768x432.jpg 768w, https:\/\/www.fundacionelpilar.cl\/web\/wp-content\/uploads\/2026\/04\/DSC_1485-1536x863.jpg 1536w, https:\/\/www.fundacionelpilar.cl\/web\/wp-content\/uploads\/2026\/04\/DSC_1485.jpg 2000w\" sizes=\"(max-width: 800px) 100vw, 800px\" \/><\/a>\n\t\t\t<\/div><\/figure><figure class='gallery-item'>\n\t\t\t<div class='gallery-icon landscape'>\n\t\t\t\t<a href='https:\/\/www.fundacionelpilar.cl\/web\/nuevo-grupo-de-jovenes-del-liceo-el-pilar-celebro-su-confirmacion\/dsc_1501\/'><img decoding=\"async\" width=\"800\" height=\"449\" src=\"https:\/\/www.fundacionelpilar.cl\/web\/wp-content\/uploads\/2026\/04\/DSC_1501-1024x575.jpg\" class=\"attachment-large size-large\" alt=\"\" srcset=\"https:\/\/www.fundacionelpilar.cl\/web\/wp-content\/uploads\/2026\/04\/DSC_1501-1024x575.jpg 1024w, https:\/\/www.fundacionelpilar.cl\/web\/wp-content\/uploads\/2026\/04\/DSC_1501-300x169.jpg 300w, https:\/\/www.fundacionelpilar.cl\/web\/wp-content\/uploads\/2026\/04\/DSC_1501-768x432.jpg 768w, https:\/\/www.fundacionelpilar.cl\/web\/wp-content\/uploads\/2026\/04\/DSC_1501-1536x863.jpg 1536w, https:\/\/www.fundacionelpilar.cl\/web\/wp-content\/uploads\/2026\/04\/DSC_1501.jpg 2000w\" sizes=\"(max-width: 800px) 100vw, 800px\" \/><\/a>\n\t\t\t<\/div><\/figure><figure class='gallery-item'>\n\t\t\t<div class='gallery-icon landscape'>\n\t\t\t\t<a href='https:\/\/www.fundacionelpilar.cl\/web\/nuevo-grupo-de-jovenes-del-liceo-el-pilar-celebro-su-confirmacion\/dsc_1505\/'><img decoding=\"async\" width=\"800\" height=\"449\" src=\"https:\/\/www.fundacionelpilar.cl\/web\/wp-content\/uploads\/2026\/04\/DSC_1505-1024x575.jpg\" class=\"attachment-large size-large\" alt=\"\" srcset=\"https:\/\/www.fundacionelpilar.cl\/web\/wp-content\/uploads\/2026\/04\/DSC_1505-1024x575.jpg 1024w, https:\/\/www.fundacionelpilar.cl\/web\/wp-content\/uploads\/2026\/04\/DSC_1505-300x169.jpg 300w, https:\/\/www.fundacionelpilar.cl\/web\/wp-content\/uploads\/2026\/04\/DSC_1505-768x432.jpg 768w, https:\/\/www.fundacionelpilar.cl\/web\/wp-content\/uploads\/2026\/04\/DSC_1505-1536x863.jpg 1536w, https:\/\/www.fundacionelpilar.cl\/web\/wp-content\/uploads\/2026\/04\/DSC_1505.jpg 2000w\" sizes=\"(max-width: 800px) 100vw, 800px\" \/><\/a>\n\t\t\t<\/div><\/figure><figure class='gallery-item'>\n\t\t\t<div class='gallery-icon landscape'>\n\t\t\t\t<a href='https:\/\/www.fundacionelpilar.cl\/web\/nuevo-grupo-de-jovenes-del-liceo-el-pilar-celebro-su-confirmacion\/dsc_1517\/'><img loading=\"lazy\" decoding=\"async\" width=\"800\" height=\"449\" src=\"https:\/\/www.fundacionelpilar.cl\/web\/wp-content\/uploads\/2026\/04\/DSC_1517-1024x575.jpg\" class=\"attachment-large size-large\" alt=\"\" srcset=\"https:\/\/www.fundacionelpilar.cl\/web\/wp-content\/uploads\/2026\/04\/DSC_1517-1024x575.jpg 1024w, https:\/\/www.fundacionelpilar.cl\/web\/wp-content\/uploads\/2026\/04\/DSC_1517-300x169.jpg 300w, https:\/\/www.fundacionelpilar.cl\/web\/wp-content\/uploads\/2026\/04\/DSC_1517-768x432.jpg 768w, https:\/\/www.fundacionelpilar.cl\/web\/wp-content\/uploads\/2026\/04\/DSC_1517-1536x863.jpg 1536w, https:\/\/www.fundacionelpilar.cl\/web\/wp-content\/uploads\/2026\/04\/DSC_1517.jpg 2000w\" sizes=\"(max-width: 800px) 100vw, 800px\" \/><\/a>\n\t\t\t<\/div><\/figure><figure class='gallery-item'>\n\t\t\t<div class='gallery-icon landscape'>\n\t\t\t\t<a href='https:\/\/www.fundacionelpilar.cl\/web\/nuevo-grupo-de-jovenes-del-liceo-el-pilar-celebro-su-confirmacion\/dsc_1619\/'><img loading=\"lazy\" decoding=\"async\" width=\"800\" height=\"449\" src=\"https:\/\/www.fundacionelpilar.cl\/web\/wp-content\/uploads\/2026\/04\/DSC_1619-1024x575.jpg\" class=\"attachment-large size-large\" alt=\"\" srcset=\"https:\/\/www.fundacionelpilar.cl\/web\/wp-content\/uploads\/2026\/04\/DSC_1619-1024x575.jpg 1024w, https:\/\/www.fundacionelpilar.cl\/web\/wp-content\/uploads\/2026\/04\/DSC_1619-300x169.jpg 300w, https:\/\/www.fundacionelpilar.cl\/web\/wp-content\/uploads\/2026\/04\/DSC_1619-768x432.jpg 768w, https:\/\/www.fundacionelpilar.cl\/web\/wp-content\/uploads\/2026\/04\/DSC_1619-1536x863.jpg 1536w, https:\/\/www.fundacionelpilar.cl\/web\/wp-content\/uploads\/2026\/04\/DSC_1619.jpg 2000w\" sizes=\"(max-width: 800px) 100vw, 800px\" \/><\/a>\n\t\t\t<\/div><\/figure><figure class='gallery-item'>\n\t\t\t<div class='gallery-icon landscape'>\n\t\t\t\t<a href='https:\/\/www.fundacionelpilar.cl\/web\/nuevo-grupo-de-jovenes-del-liceo-el-pilar-celebro-su-confirmacion\/dsc_1643\/'><img loading=\"lazy\" decoding=\"async\" width=\"800\" height=\"449\" src=\"https:\/\/www.fundacionelpilar.cl\/web\/wp-content\/uploads\/2026\/04\/DSC_1643-1024x575.jpg\" class=\"attachment-large size-large\" alt=\"\" srcset=\"https:\/\/www.fundacionelpilar.cl\/web\/wp-content\/uploads\/2026\/04\/DSC_1643-1024x575.jpg 1024w, https:\/\/www.fundacionelpilar.cl\/web\/wp-content\/uploads\/2026\/04\/DSC_1643-300x169.jpg 300w, https:\/\/www.fundacionelpilar.cl\/web\/wp-content\/uploads\/2026\/04\/DSC_1643-768x432.jpg 768w, https:\/\/www.fundacionelpilar.cl\/web\/wp-content\/uploads\/2026\/04\/DSC_1643-1536x863.jpg 1536w, https:\/\/www.fundacionelpilar.cl\/web\/wp-content\/uploads\/2026\/04\/DSC_1643.jpg 2000w\" sizes=\"(max-width: 800px) 100vw, 800px\" \/><\/a>\n\t\t\t<\/div><\/figure>\n\t\t<\/div>\n\n<\/div>\n<div dir=\"auto\"><\/div>\n<div dir=\"auto\"><a href=\"https:\/\/www.facebook.com\/photo\/?fbid=1425746496021815&amp;set=pcb.1425781066018358&amp;__cft__[0]=AZYxolW8qA7KnMtZDZy3GfPSm6VFCx55mZ786s94dDKLZsJ_Xvr8t1ZCw64aOHzfUvVHOASfVbBQ3SMOUdSjCaBP8A2pNZL1lqnjB5aeDKgXw2vchK47qO5mEEYLi2VwHsxu8GY3eKlUtyOMGVcCbU27UGWnlJohBZeiyN4T6Qfrlw&amp;__tn__=*b0H-R\">Ver m\u00e1s im\u00e1genes<\/a><\/div>\n<div dir=\"auto\"><\/div>\n<div class=\"x14z9mp xat24cr x1lziwak x1vvkbs xtlvy1s x126k92a\">\n<blockquote>\n<h5 dir=\"auto\" style=\"text-align: center;\">Fundaci\u00f3n El Pilar de Ancud: 72 a\u00f1os formando personas \u00edntegras, comprometidas con el desarrollo de la sociedad, el cuidado de la Vida y de la madre tierra.<\/h5>\n<\/blockquote>\n<\/div>\n","protected":false},"excerpt":{"rendered":"<p>El d\u00eda viernes 24 de abril se llev\u00f3 a cabo la ceremonia en la Catedral de la ciudad de Ancud.<\/p>\n","protected":false},"author":5,"featured_media":14388,"comment_status":"closed","ping_status":"closed","sticky":false,"template":"","format":"standard","meta":{"footnotes":""},"categories":[22],"tags":[],"class_list":["post-14387","post","type-post","status-publish","format-standard","has-post-thumbnail","hentry","category-liceo"],"_links":{"self":[{"href":"https:\/\/www.fundacionelpilar.cl\/web\/wp-json\/wp\/v2\/posts\/14387","targetHints":{"allow":["GET"]}}],"collection":[{"href":"https:\/\/www.fundacionelpilar.cl\/web\/wp-json\/wp\/v2\/posts"}],"about":[{"href":"https:\/\/www.fundacionelpilar.cl\/web\/wp-json\/wp\/v2\/types\/post"}],"author":[{"embeddable":true,"href":"https:\/\/www.fundacionelpilar.cl\/web\/wp-json\/wp\/v2\/users\/5"}],"replies":[{"embeddable":true,"href":"https:\/\/www.fundacionelpilar.cl\/web\/wp-json\/wp\/v2\/comments?post=14387"}],"version-history":[{"count":1,"href":"https:\/\/www.fundacionelpilar.cl\/web\/wp-json\/wp\/v2\/posts\/14387\/revisions"}],"predecessor-version":[{"id":14395,"href":"https:\/\/www.fundacionelpilar.cl\/web\/wp-json\/wp\/v2\/posts\/14387\/revisions\/14395"}],"wp:featuredmedia":[{"embeddable":true,"href":"https:\/\/www.fundacionelpilar.cl\/web\/wp-json\/wp\/v2\/media\/14388"}],"wp:attachment":[{"href":"https:\/\/www.fundacionelpilar.cl\/web\/wp-json\/wp\/v2\/media?parent=14387"}],"wp:term":[{"taxonomy":"category","embeddable":true,"href":"https:\/\/www.fundacionelpilar.cl\/web\/wp-json\/wp\/v2\/categories?post=14387"},{"taxonomy":"post_tag","embeddable":true,"href":"https:\/\/www.fundacionelpilar.cl\/web\/wp-json\/wp\/v2\/tags?post=14387"}],"curies":[{"name":"wp","href":"https:\/\/api.w.org\/{rel}","templated":true}]}}