{"id":14381,"date":"2026-04-27T14:38:05","date_gmt":"2026-04-27T14:38:05","guid":{"rendered":"https:\/\/www.fundacionelpilar.cl\/web\/?p=14381"},"modified":"2026-04-27T14:38:05","modified_gmt":"2026-04-27T14:38:05","slug":"oficina-de-integracion-comunitaria-de-carabineros-ancud-estuvo-presente-en-el-colegio-el-pilar","status":"publish","type":"post","link":"https:\/\/www.fundacionelpilar.cl\/web\/oficina-de-integracion-comunitaria-de-carabineros-ancud-estuvo-presente-en-el-colegio-el-pilar\/","title":{"rendered":"Oficina de Integraci\u00f3n Comunitaria de Carabineros Ancud estuvo presente en el Colegio El Pilar"},"content":{"rendered":"<p>Funcionarios se trasladaron hasta nuestro establecimiento de educaci\u00f3n b\u00e1sica a dictar importante charla a estudiantes.<!--more--><\/p>\n<p>&nbsp;<\/p>\n<div class=\"x14z9mp xat24cr x1lziwak x1vvkbs xtlvy1s x126k92a\">\n<div dir=\"auto\">El pasado viernes 24 de abril tuvimos en el Colegio El Pilar la presencia de funcionarios de Carabineros de Chile pertenecientes a la Oficina de Integraci\u00f3n Comunitaria, de la Primera Comisar\u00eda de Ancud.<\/div>\n<div dir=\"auto\"><\/div>\n<\/div>\n<div class=\"x14z9mp xat24cr x1lziwak x1vvkbs xtlvy1s x126k92a\">\n<div dir=\"auto\">El objetivo fue impartir una charla sobre la ley 20.084 de responsabilidad penal adolescente y sobre ciberseguridad a estudiantes de octavo b\u00e1sico.<\/div>\n<div dir=\"auto\"><\/div>\n<\/div>\n<div class=\"x14z9mp xat24cr x1lziwak x1vvkbs xtlvy1s x126k92a\">\n<div dir=\"auto\">La idea era que los alumnos pudieran recibir informaci\u00f3n sobre los principales alcances que tiene esta ley, que establece un sistema de responsabilidad para los adolescentes entre 14 y 17 a\u00f1os infractores.<\/div>\n<div dir=\"auto\"><\/div>\n<\/div>\n<div class=\"x14z9mp xat24cr x1lziwak x1vvkbs xtlvy1s x126k92a\">\n<div dir=\"auto\">La actividad fue coordinada desde Convivencia Escolar del Colegio, \u00e1rea desde donde se ha establecido la realizaci\u00f3n de varias instancias que puedan permitir a los estudiantes de educaci\u00f3n b\u00e1sica recibir informaci\u00f3n y orientaci\u00f3n en diversas materias.<\/div>\n<div dir=\"auto\"><\/div>\n<\/div>\n<div class=\"x14z9mp xat24cr x1lziwak x1vvkbs xtlvy1s x126k92a\">\n<div dir=\"auto\">Aprovechamos igualmente esta jornada de lunes 27 de abril para saludar con mucho afecto a todos los carabineros y carabineros en su D\u00eda. Que Dios y la Virgen del Pilar los acompa\u00f1en y guien en su importante labor.<\/div>\n<\/div>\n<div dir=\"auto\"><\/div>\n<div dir=\"auto\">\n<div id='gallery-1' class='gallery galleryid-14381 gallery-columns-3 gallery-size-large'><figure class='gallery-item'>\n\t\t\t<div class='gallery-icon landscape'>\n\t\t\t\t<a href='https:\/\/www.fundacionelpilar.cl\/web\/oficina-de-integracion-comunitaria-de-carabineros-ancud-estuvo-presente-en-el-colegio-el-pilar\/whatsapp-image-2026-04-24-at-12-33-47-pm\/'><img fetchpriority=\"high\" decoding=\"async\" width=\"800\" height=\"555\" src=\"https:\/\/www.fundacionelpilar.cl\/web\/wp-content\/uploads\/2026\/04\/WhatsApp-Image-2026-04-24-at-12.33.47-PM-1024x710.jpeg\" class=\"attachment-large size-large\" alt=\"\" srcset=\"https:\/\/www.fundacionelpilar.cl\/web\/wp-content\/uploads\/2026\/04\/WhatsApp-Image-2026-04-24-at-12.33.47-PM-1024x710.jpeg 1024w, https:\/\/www.fundacionelpilar.cl\/web\/wp-content\/uploads\/2026\/04\/WhatsApp-Image-2026-04-24-at-12.33.47-PM-300x208.jpeg 300w, https:\/\/www.fundacionelpilar.cl\/web\/wp-content\/uploads\/2026\/04\/WhatsApp-Image-2026-04-24-at-12.33.47-PM-768x533.jpeg 768w, https:\/\/www.fundacionelpilar.cl\/web\/wp-content\/uploads\/2026\/04\/WhatsApp-Image-2026-04-24-at-12.33.47-PM.jpeg 1280w\" sizes=\"(max-width: 800px) 100vw, 800px\" \/><\/a>\n\t\t\t<\/div><\/figure><figure class='gallery-item'>\n\t\t\t<div class='gallery-icon landscape'>\n\t\t\t\t<a href='https:\/\/www.fundacionelpilar.cl\/web\/oficina-de-integracion-comunitaria-de-carabineros-ancud-estuvo-presente-en-el-colegio-el-pilar\/whatsapp-image-2026-04-24-at-12-33-55-pm\/'><img decoding=\"async\" width=\"800\" height=\"552\" src=\"https:\/\/www.fundacionelpilar.cl\/web\/wp-content\/uploads\/2026\/04\/WhatsApp-Image-2026-04-24-at-12.33.55-PM-1024x706.jpeg\" class=\"attachment-large size-large\" alt=\"\" srcset=\"https:\/\/www.fundacionelpilar.cl\/web\/wp-content\/uploads\/2026\/04\/WhatsApp-Image-2026-04-24-at-12.33.55-PM-1024x706.jpeg 1024w, https:\/\/www.fundacionelpilar.cl\/web\/wp-content\/uploads\/2026\/04\/WhatsApp-Image-2026-04-24-at-12.33.55-PM-300x207.jpeg 300w, https:\/\/www.fundacionelpilar.cl\/web\/wp-content\/uploads\/2026\/04\/WhatsApp-Image-2026-04-24-at-12.33.55-PM-768x530.jpeg 768w, https:\/\/www.fundacionelpilar.cl\/web\/wp-content\/uploads\/2026\/04\/WhatsApp-Image-2026-04-24-at-12.33.55-PM.jpeg 1280w\" sizes=\"(max-width: 800px) 100vw, 800px\" \/><\/a>\n\t\t\t<\/div><\/figure><figure class='gallery-item'>\n\t\t\t<div class='gallery-icon landscape'>\n\t\t\t\t<a href='https:\/\/www.fundacionelpilar.cl\/web\/oficina-de-integracion-comunitaria-de-carabineros-ancud-estuvo-presente-en-el-colegio-el-pilar\/whatsapp-image-2026-04-24-at-12-33-58-pm-1\/'><img decoding=\"async\" width=\"800\" height=\"547\" src=\"https:\/\/www.fundacionelpilar.cl\/web\/wp-content\/uploads\/2026\/04\/WhatsApp-Image-2026-04-24-at-12.33.58-PM-1-1024x700.jpeg\" class=\"attachment-large size-large\" alt=\"\" srcset=\"https:\/\/www.fundacionelpilar.cl\/web\/wp-content\/uploads\/2026\/04\/WhatsApp-Image-2026-04-24-at-12.33.58-PM-1-1024x700.jpeg 1024w, https:\/\/www.fundacionelpilar.cl\/web\/wp-content\/uploads\/2026\/04\/WhatsApp-Image-2026-04-24-at-12.33.58-PM-1-300x205.jpeg 300w, https:\/\/www.fundacionelpilar.cl\/web\/wp-content\/uploads\/2026\/04\/WhatsApp-Image-2026-04-24-at-12.33.58-PM-1-768x525.jpeg 768w, https:\/\/www.fundacionelpilar.cl\/web\/wp-content\/uploads\/2026\/04\/WhatsApp-Image-2026-04-24-at-12.33.58-PM-1.jpeg 1280w\" sizes=\"(max-width: 800px) 100vw, 800px\" \/><\/a>\n\t\t\t<\/div><\/figure>\n\t\t<\/div>\n\n<\/div>\n<div class=\"x14z9mp xat24cr x1lziwak x1vvkbs xtlvy1s x126k92a\">\n<blockquote>\n<h5 dir=\"auto\" style=\"text-align: center;\">Fundaci\u00f3n El Pilar de Ancud: 72 a\u00f1os formando personas \u00edntegras, comprometidas con el desarrollo de la sociedad, el cuidado de la Vida y de la madre tierra.<\/h5>\n<\/blockquote>\n<\/div>\n","protected":false},"excerpt":{"rendered":"<p>Funcionarios se trasladaron hasta nuestro establecimiento de educaci\u00f3n b\u00e1sica a dictar importante charla a estudiantes.<\/p>\n","protected":false},"author":5,"featured_media":14384,"comment_status":"closed","ping_status":"closed","sticky":false,"template":"","format":"standard","meta":{"footnotes":""},"categories":[10],"tags":[],"class_list":["post-14381","post","type-post","status-publish","format-standard","has-post-thumbnail","hentry","category-colegio"],"_links":{"self":[{"href":"https:\/\/www.fundacionelpilar.cl\/web\/wp-json\/wp\/v2\/posts\/14381","targetHints":{"allow":["GET"]}}],"collection":[{"href":"https:\/\/www.fundacionelpilar.cl\/web\/wp-json\/wp\/v2\/posts"}],"about":[{"href":"https:\/\/www.fundacionelpilar.cl\/web\/wp-json\/wp\/v2\/types\/post"}],"author":[{"embeddable":true,"href":"https:\/\/www.fundacionelpilar.cl\/web\/wp-json\/wp\/v2\/users\/5"}],"replies":[{"embeddable":true,"href":"https:\/\/www.fundacionelpilar.cl\/web\/wp-json\/wp\/v2\/comments?post=14381"}],"version-history":[{"count":1,"href":"https:\/\/www.fundacionelpilar.cl\/web\/wp-json\/wp\/v2\/posts\/14381\/revisions"}],"predecessor-version":[{"id":14386,"href":"https:\/\/www.fundacionelpilar.cl\/web\/wp-json\/wp\/v2\/posts\/14381\/revisions\/14386"}],"wp:featuredmedia":[{"embeddable":true,"href":"https:\/\/www.fundacionelpilar.cl\/web\/wp-json\/wp\/v2\/media\/14384"}],"wp:attachment":[{"href":"https:\/\/www.fundacionelpilar.cl\/web\/wp-json\/wp\/v2\/media?parent=14381"}],"wp:term":[{"taxonomy":"category","embeddable":true,"href":"https:\/\/www.fundacionelpilar.cl\/web\/wp-json\/wp\/v2\/categories?post=14381"},{"taxonomy":"post_tag","embeddable":true,"href":"https:\/\/www.fundacionelpilar.cl\/web\/wp-json\/wp\/v2\/tags?post=14381"}],"curies":[{"name":"wp","href":"https:\/\/api.w.org\/{rel}","templated":true}]}}