{"id":12454,"date":"2025-10-22T11:55:17","date_gmt":"2025-10-22T11:55:17","guid":{"rendered":"https:\/\/www.fundacionelpilar.cl\/web\/?p=12454"},"modified":"2025-10-22T11:59:16","modified_gmt":"2025-10-22T11:59:16","slug":"estudiantes-de-octavo-basico-rinden-prueba-simce","status":"publish","type":"post","link":"https:\/\/www.fundacionelpilar.cl\/web\/estudiantes-de-octavo-basico-rinden-prueba-simce\/","title":{"rendered":"Estudiantes de octavo b\u00e1sico rinden prueba SIMCE"},"content":{"rendered":"<p><strong>Evaluaciones se realizan este mi\u00e9rcoles 22 y jueves 23 de octubre.<\/strong><!--more--><\/p>\n<div class=\"x14z9mp xat24cr x1lziwak x1vvkbs xtlvy1s x126k92a\">\n<div dir=\"auto\">Hoy mi\u00e9rcoles 22 y jueves 23 de octubre las y los estudiantes de los octavos b\u00e1sicos de nuestro Colegio El Pilar rendir\u00e1n la prueba SIMCE, seg\u00fan el calendario de la Agencia para la Calidad de la Educaci\u00f3n.<\/div>\n<\/div>\n<div class=\"x14z9mp xat24cr x1lziwak x1vvkbs xtlvy1s x126k92a\">\n<div dir=\"auto\">Simce forma parte de las evaluaciones que se aplican en Chile, definidas en el Plan de Evaluaciones Nacionales e Internacionales, y corresponde a una medici\u00f3n estandarizada anual que responden todas y todos los estudiantes del pa\u00eds en los niveles evaluados.<\/div>\n<\/div>\n<div class=\"x14z9mp xat24cr x1lziwak x1vvkbs xtlvy1s x126k92a\">\n<div dir=\"auto\">Su objetivo es conocer los resultados educativos de los establecimientos, evaluando el logro de los contenidos y habilidades del curr\u00edculum nacional, con pruebas en diferentes asignaturas o \u00e1reas de aprendizaje. Tambi\u00e9n recoge informaci\u00f3n sobre el contexto educativo a trav\u00e9s de cuestionarios que responden directores (as), docentes, estudiantes, padres, madres y apoderados.<\/div>\n<\/div>\n<div class=\"x14z9mp xat24cr x1lziwak x1vvkbs xtlvy1s x126k92a\">\n<div dir=\"auto\">Este mi\u00e9rcoles los alumnos rendir\u00e1n la prueba de matem\u00e1tica y responder\u00e1n el cuestionario del estudiante, mientras que el segundo d\u00eda corresponde la prueba de lenguaje y comunicaci\u00f3n y la prueba de historia, geograf\u00eda y ciencias sociales. En cada prueba se dispondr\u00e1 de un m\u00e1ximo de 90 minutos.<\/div>\n<\/div>\n<div class=\"x14z9mp xat24cr x1lziwak x1vvkbs xtlvy1s x126k92a\">\n<div dir=\"auto\">Para este 2025 el Colegio El Pilar realiz\u00f3 un per\u00edodo especial de preparaci\u00f3n y apoyo para los alumnos, que consisti\u00f3 en la rendici\u00f3n de 6 ensayos y 15 horas de retroalimentaci\u00f3n por asignatura (Lenguaje y Matem\u00e1ticas). En todo este proceso estuvieron involucrados no s\u00f3lo docentes y alumnos, sino que las familias de los alumnos.<\/div>\n<\/div>\n<div class=\"x14z9mp xat24cr x1lziwak x1vvkbs xtlvy1s x126k92a\">\n<div dir=\"auto\">Seg\u00fan coment\u00f3 el director del Colegio El Pilar, Sr Cristian Hormaz\u00e1bal, <strong><em>\u201ces un orgullo para nuestra Comunidad, ver el entusiasmo y compromiso de los estudiantes de 8\u00b0, en b\u00fasqueda de la consecuci\u00f3n de metas pedag\u00f3gicas, quienes adem\u00e1s se han fortalecido en la laboriosidad, el esfuerzo y la alegr\u00eda para enfrentar los diversos desaf\u00edos acad\u00e9micos, se suma a ellos el trabajo y dedicaci\u00f3n de sus profesoras jefe, Coordinaci\u00f3n Acad\u00e9mica de Ciclo, UTP, padres y apoderados, quienes en una cultura de altas expectativas hicieron posible este proceso\u201d<\/em><\/strong>.<\/div>\n<\/div>\n<div class=\"x14z9mp xat24cr x1lziwak x1vvkbs xtlvy1s x126k92a\">\n<div dir=\"auto\">A las nueve de la ma\u00f1ana, es decir dentro de unos minutos, comienza la primera prueba, as\u00ed es que le enviamos toda la energ\u00eda y buena vibra a los pilarinos de octavo b\u00e1sico.<\/div>\n<div dir=\"auto\">\n<div id='gallery-1' class='gallery galleryid-12454 gallery-columns-3 gallery-size-medium'><figure class='gallery-item'>\n\t\t\t<div class='gallery-icon landscape'>\n\t\t\t\t<a href='https:\/\/www.fundacionelpilar.cl\/web\/estudiantes-de-octavo-basico-rinden-prueba-simce\/dsc_4482\/'><img fetchpriority=\"high\" decoding=\"async\" width=\"300\" height=\"169\" src=\"https:\/\/www.fundacionelpilar.cl\/web\/wp-content\/uploads\/2025\/10\/DSC_4482-300x169.jpg\" class=\"attachment-medium size-medium\" alt=\"\" srcset=\"https:\/\/www.fundacionelpilar.cl\/web\/wp-content\/uploads\/2025\/10\/DSC_4482-300x169.jpg 300w, https:\/\/www.fundacionelpilar.cl\/web\/wp-content\/uploads\/2025\/10\/DSC_4482-1024x575.jpg 1024w, https:\/\/www.fundacionelpilar.cl\/web\/wp-content\/uploads\/2025\/10\/DSC_4482-768x432.jpg 768w, https:\/\/www.fundacionelpilar.cl\/web\/wp-content\/uploads\/2025\/10\/DSC_4482-1536x863.jpg 1536w, https:\/\/www.fundacionelpilar.cl\/web\/wp-content\/uploads\/2025\/10\/DSC_4482.jpg 2000w\" sizes=\"(max-width: 300px) 100vw, 300px\" \/><\/a>\n\t\t\t<\/div><\/figure><figure class='gallery-item'>\n\t\t\t<div class='gallery-icon landscape'>\n\t\t\t\t<a href='https:\/\/www.fundacionelpilar.cl\/web\/estudiantes-de-octavo-basico-rinden-prueba-simce\/dsc_4495\/'><img decoding=\"async\" width=\"300\" height=\"169\" src=\"https:\/\/www.fundacionelpilar.cl\/web\/wp-content\/uploads\/2025\/10\/DSC_4495-300x169.jpg\" class=\"attachment-medium size-medium\" alt=\"\" srcset=\"https:\/\/www.fundacionelpilar.cl\/web\/wp-content\/uploads\/2025\/10\/DSC_4495-300x169.jpg 300w, https:\/\/www.fundacionelpilar.cl\/web\/wp-content\/uploads\/2025\/10\/DSC_4495-1024x575.jpg 1024w, https:\/\/www.fundacionelpilar.cl\/web\/wp-content\/uploads\/2025\/10\/DSC_4495-768x432.jpg 768w, https:\/\/www.fundacionelpilar.cl\/web\/wp-content\/uploads\/2025\/10\/DSC_4495-1536x863.jpg 1536w, https:\/\/www.fundacionelpilar.cl\/web\/wp-content\/uploads\/2025\/10\/DSC_4495.jpg 2000w\" sizes=\"(max-width: 300px) 100vw, 300px\" \/><\/a>\n\t\t\t<\/div><\/figure><figure class='gallery-item'>\n\t\t\t<div class='gallery-icon landscape'>\n\t\t\t\t<a href='https:\/\/www.fundacionelpilar.cl\/web\/estudiantes-de-octavo-basico-rinden-prueba-simce\/dsc_4496-2\/'><img decoding=\"async\" width=\"300\" height=\"169\" src=\"https:\/\/www.fundacionelpilar.cl\/web\/wp-content\/uploads\/2025\/10\/DSC_4496-300x169.jpg\" class=\"attachment-medium size-medium\" alt=\"\" srcset=\"https:\/\/www.fundacionelpilar.cl\/web\/wp-content\/uploads\/2025\/10\/DSC_4496-300x169.jpg 300w, https:\/\/www.fundacionelpilar.cl\/web\/wp-content\/uploads\/2025\/10\/DSC_4496-1024x575.jpg 1024w, https:\/\/www.fundacionelpilar.cl\/web\/wp-content\/uploads\/2025\/10\/DSC_4496-768x432.jpg 768w, https:\/\/www.fundacionelpilar.cl\/web\/wp-content\/uploads\/2025\/10\/DSC_4496-1536x863.jpg 1536w, https:\/\/www.fundacionelpilar.cl\/web\/wp-content\/uploads\/2025\/10\/DSC_4496.jpg 2000w\" sizes=\"(max-width: 300px) 100vw, 300px\" \/><\/a>\n\t\t\t<\/div><\/figure>\n\t\t<\/div>\n\n<\/div>\n<\/div>\n<div class=\"x14z9mp xat24cr x1lziwak x1vvkbs xtlvy1s x126k92a\">\n<div dir=\"auto\"><strong>\u201cVivamos nuestra fe como pilarinos, peregrinos de la esperanza\u201d.<\/strong><\/div>\n<\/div>\n<div class=\"x14z9mp xat24cr x1lziwak x1vvkbs xtlvy1s x126k92a\">\n<blockquote>\n<div dir=\"auto\" style=\"text-align: center;\"><strong>Fundaci\u00f3n El Pilar de Ancud: 72 a\u00f1os formando personas \u00edntegras, comprometidas con el desarrollo de la sociedad, el cuidado de la Vida y de la madre tierra.<\/strong><\/div>\n<\/blockquote>\n<\/div>\n","protected":false},"excerpt":{"rendered":"<p>Evaluaciones se realizan este mi\u00e9rcoles 22 y jueves 23 de octubre.<\/p>\n","protected":false},"author":5,"featured_media":12458,"comment_status":"closed","ping_status":"closed","sticky":false,"template":"","format":"standard","meta":{"footnotes":""},"categories":[10],"tags":[],"class_list":["post-12454","post","type-post","status-publish","format-standard","has-post-thumbnail","hentry","category-colegio"],"_links":{"self":[{"href":"https:\/\/www.fundacionelpilar.cl\/web\/wp-json\/wp\/v2\/posts\/12454","targetHints":{"allow":["GET"]}}],"collection":[{"href":"https:\/\/www.fundacionelpilar.cl\/web\/wp-json\/wp\/v2\/posts"}],"about":[{"href":"https:\/\/www.fundacionelpilar.cl\/web\/wp-json\/wp\/v2\/types\/post"}],"author":[{"embeddable":true,"href":"https:\/\/www.fundacionelpilar.cl\/web\/wp-json\/wp\/v2\/users\/5"}],"replies":[{"embeddable":true,"href":"https:\/\/www.fundacionelpilar.cl\/web\/wp-json\/wp\/v2\/comments?post=12454"}],"version-history":[{"count":2,"href":"https:\/\/www.fundacionelpilar.cl\/web\/wp-json\/wp\/v2\/posts\/12454\/revisions"}],"predecessor-version":[{"id":12460,"href":"https:\/\/www.fundacionelpilar.cl\/web\/wp-json\/wp\/v2\/posts\/12454\/revisions\/12460"}],"wp:featuredmedia":[{"embeddable":true,"href":"https:\/\/www.fundacionelpilar.cl\/web\/wp-json\/wp\/v2\/media\/12458"}],"wp:attachment":[{"href":"https:\/\/www.fundacionelpilar.cl\/web\/wp-json\/wp\/v2\/media?parent=12454"}],"wp:term":[{"taxonomy":"category","embeddable":true,"href":"https:\/\/www.fundacionelpilar.cl\/web\/wp-json\/wp\/v2\/categories?post=12454"},{"taxonomy":"post_tag","embeddable":true,"href":"https:\/\/www.fundacionelpilar.cl\/web\/wp-json\/wp\/v2\/tags?post=12454"}],"curies":[{"name":"wp","href":"https:\/\/api.w.org\/{rel}","templated":true}]}}