{"id":11774,"date":"2025-09-02T18:20:09","date_gmt":"2025-09-02T18:20:09","guid":{"rendered":"https:\/\/www.fundacionelpilar.cl\/web\/?p=11774"},"modified":"2025-09-02T18:24:44","modified_gmt":"2025-09-02T18:24:44","slug":"estudiantes-del-liceo-el-pilar-clasifican-a-etapa-nacional-de-olimpiadas-de-la-umce","status":"publish","type":"post","link":"https:\/\/www.fundacionelpilar.cl\/web\/estudiantes-del-liceo-el-pilar-clasifican-a-etapa-nacional-de-olimpiadas-de-la-umce\/","title":{"rendered":"Estudiantes del Liceo El Pilar clasifican a etapa nacional de olimpiadas de la UMCE"},"content":{"rendered":"<p><strong>Dos estudiantes del Liceo Comercial El Pilar lograron avanzar en la clasificatoria nacional de las Olimpiadas de Qu\u00edmica de la UMCE (Universidad Metropolitana de Ciencias de la Educaci\u00f3n) de este 2025.<\/strong><!--more--><\/p>\n<p>Se trata de Mat\u00edas Hueicha Castillo (2\u00b0B TP) y Osvaldo Zu\u00f1iga Mora (4\u00b0B HC), quienes el pr\u00f3ximo 27 de septiembre deber\u00e1n viajar hasta la ciudad de Osorno para seguir participando de esta actividad, que es auspiciada por la Sociedad Chilena de Educaci\u00f3n Cient\u00edfica y la red de Universidades Estatales del pa\u00eds y que en esta ocasi\u00f3n se concentrar\u00e1 en la Universidad de Los Lagos.<\/p>\n<p>El objetivo de las olimpiadas, de las que ha venido participando el Liceo en los \u00faltimos a\u00f1os, es incentivar el estudio de la Qu\u00edmica a estudiantes de ense\u00f1anza media de todo el pa\u00eds, con la finalidad de reconocer y orientar a alumnos\/as con talento en esta disciplina. Tambi\u00e9n, se busca motivar y apoyar a los profesores en la aplicaci\u00f3n de m\u00e1s y mejores estrategias de ense\u00f1anza.<\/p>\n<p>Cabe indicar que durante el mes de agosto Mat\u00edas y Osvaldo ya fueron parte de la etapa regional, donde otros ocho pilarinos de segundo a cuarto medio tambi\u00e9n estuvieron participando.<\/p>\n<p>Seg\u00fan coment\u00f3 Mat\u00edas Hueicha, en la etapa anterior tuvo que responder una prueba donde figuraban conocimientos de segundo medio y otros que eran desconocidos. <strong><em>\u201cMe parece super bien estar en esta instancia y me alegra poder participar en estas olimpiadas\u201d<\/em><\/strong>, expres\u00f3.<\/p>\n<p>Por su parte, Osvaldo Zu\u00f1iga sostuvo que <strong><em>\u201cyo ya hab\u00eda participado en segundo y tercero medio y la verdad es que me sorprende pasar porque creo que es la prueba m\u00e1s dif\u00edcil de las que he hecho ya que tuve que tratar materia de segundo, tercero y otras que no he visto en cuarto medio\u201d<\/em><\/strong>.<\/p>\n<p>Ahora ambos estudiantes ya comienzan a estudiar para estar lo m\u00e1s preparados. Desde ya les deseamos mucho \u00e9xito a en cada reto que enfrentar\u00e1n dentro de este certamen.<\/p>\n<p><strong>\u201cVivamos nuestra fe como pilarinos, peregrinos de la esperanza\u201d.<\/strong><\/p>\n<blockquote>\n<p style=\"text-align: center;\"><strong>Fundaci\u00f3n El Pilar de Ancud: 72 a\u00f1os formando personas \u00edntegras, comprometidas con el desarrollo de la sociedad, el cuidado de la Vida y de la madre tierra.<\/strong><\/p>\n<\/blockquote>\n","protected":false},"excerpt":{"rendered":"<p>Dos estudiantes del Liceo Comercial El Pilar lograron avanzar en la clasificatoria nacional de las Olimpiadas de Qu\u00edmica de la UMCE (Universidad Metropolitana de Ciencias de la Educaci\u00f3n) de este 2025.<\/p>\n","protected":false},"author":5,"featured_media":11775,"comment_status":"closed","ping_status":"closed","sticky":false,"template":"","format":"standard","meta":{"footnotes":""},"categories":[22],"tags":[],"class_list":["post-11774","post","type-post","status-publish","format-standard","has-post-thumbnail","hentry","category-liceo"],"_links":{"self":[{"href":"https:\/\/www.fundacionelpilar.cl\/web\/wp-json\/wp\/v2\/posts\/11774","targetHints":{"allow":["GET"]}}],"collection":[{"href":"https:\/\/www.fundacionelpilar.cl\/web\/wp-json\/wp\/v2\/posts"}],"about":[{"href":"https:\/\/www.fundacionelpilar.cl\/web\/wp-json\/wp\/v2\/types\/post"}],"author":[{"embeddable":true,"href":"https:\/\/www.fundacionelpilar.cl\/web\/wp-json\/wp\/v2\/users\/5"}],"replies":[{"embeddable":true,"href":"https:\/\/www.fundacionelpilar.cl\/web\/wp-json\/wp\/v2\/comments?post=11774"}],"version-history":[{"count":3,"href":"https:\/\/www.fundacionelpilar.cl\/web\/wp-json\/wp\/v2\/posts\/11774\/revisions"}],"predecessor-version":[{"id":11778,"href":"https:\/\/www.fundacionelpilar.cl\/web\/wp-json\/wp\/v2\/posts\/11774\/revisions\/11778"}],"wp:featuredmedia":[{"embeddable":true,"href":"https:\/\/www.fundacionelpilar.cl\/web\/wp-json\/wp\/v2\/media\/11775"}],"wp:attachment":[{"href":"https:\/\/www.fundacionelpilar.cl\/web\/wp-json\/wp\/v2\/media?parent=11774"}],"wp:term":[{"taxonomy":"category","embeddable":true,"href":"https:\/\/www.fundacionelpilar.cl\/web\/wp-json\/wp\/v2\/categories?post=11774"},{"taxonomy":"post_tag","embeddable":true,"href":"https:\/\/www.fundacionelpilar.cl\/web\/wp-json\/wp\/v2\/tags?post=11774"}],"curies":[{"name":"wp","href":"https:\/\/api.w.org\/{rel}","templated":true}]}}