{"id":10335,"date":"2025-04-01T19:42:55","date_gmt":"2025-04-01T19:42:55","guid":{"rendered":"https:\/\/www.fundacionelpilar.cl\/web\/?p=10335"},"modified":"2025-04-01T19:42:55","modified_gmt":"2025-04-01T19:42:55","slug":"iniciaron-los-recorridos-para-los-buses-de-acercamiento-en-el-liceo-comercial-el-pilar","status":"publish","type":"post","link":"https:\/\/www.fundacionelpilar.cl\/web\/iniciaron-los-recorridos-para-los-buses-de-acercamiento-en-el-liceo-comercial-el-pilar\/","title":{"rendered":"Iniciaron los recorridos para los buses de acercamiento en el Liceo Comercial El Pilar"},"content":{"rendered":"<p><strong>Recientemente se ha dado inicio a los recorridos de los Buses de Acercamiento en el Liceo Comercial El Pilar. Para el sector urbano se han establecido cuatro diferentes circuitos, todos iniciando a las 7:15 am. A continuaci\u00f3n detallamos cada uno de los recorridos.<\/strong><!--more--><\/p>\n<p><strong>RECORRIDO N\u00b0 1 \u201cCIRCUITO BONILLA\u201d 7:15 AM COMENZANDO POR:<\/strong><\/p>\n<p>Calle Kurt Haarmann<\/p>\n<p>Luisa Chijani<\/p>\n<p>Negocio La Alternativa<\/p>\n<p>Avda. 1 Vista Hermosa<\/p>\n<p>San Valent\u00edn \u00abGarita\u00bb<\/p>\n<p>Calle Jard\u00edn Paula<\/p>\n<p>JJ Prieto<\/p>\n<p>Bonilla<\/p>\n<p>Calle Kurt Haarmann<\/p>\n<p>San Vicente de Pool (hospital)<\/p>\n<p>Goycolea<\/p>\n<p>An\u00edbal Pinto, Liceo El Pilar<\/p>\n<p>Fono contacto transportista 993801032<\/p>\n<p><strong>RECORRIDO 2 \u201cCIRCUITO PUDETO BAJO\u201d DESDE LAS 7:15 AM COMENZANDO POR:<\/strong><\/p>\n<p>An\u00edbal Pinto<\/p>\n<p>Calle Lica D\u00edaz<\/p>\n<p>Esquina negocio El Roble<\/p>\n<p>Padre Hurtado<\/p>\n<p>Esquina de Chilolac<\/p>\n<p>Ruta 5 negocio el \u201cKaco\u201d<\/p>\n<p>Paradero L<\/p>\n<p>Cancha de los Huasos<\/p>\n<p>Tri\u00e1ngulo<\/p>\n<p>Shell garita<\/p>\n<p>Cuesta Pudeto Garita<\/p>\n<p>Avda. Arturo Prat<\/p>\n<p>Goycolea<\/p>\n<p>Liceo El Pilar<\/p>\n<p>Fono Contacto transportistas: Juan Antonio Y\u00e1\u00f1ez (995647897)-Isabel Curna Curna (967613088)<\/p>\n<p><strong>RECORRIDO 3 \u201cCIRCUITO F\u00c1TIMA-BELLAVISTA\u201d COMENZANDO A LAS 7:15 AM POR:<\/strong><\/p>\n<p>Calle San Mart\u00edn F\u00e1tima<\/p>\n<p>Villa Esperanza<\/p>\n<p>Calle R\u00edo Pudeto<\/p>\n<p>Villa Solidaridad<\/p>\n<p>Poblaci\u00f3n Silva Henr\u00edquez \u00abgarita\u00bb<\/p>\n<p>Subercaseaux \u201cgarita\u201d<\/p>\n<p>1 de mayo \u201cgarita\u201d<\/p>\n<p>Bellavista 1, 2, 3 \u201cgarita\u201d<\/p>\n<p>(Retorno a costanera)<\/p>\n<p>Servi Estado<\/p>\n<p>Calle San Carlos<\/p>\n<p>Liceo El Pilar<\/p>\n<p>Fono contacto transportista 993801032<\/p>\n<p><strong>RECORRIDO 4 \u201cCIRCUITO CARACOLES\u201d COMENZADO A LAS 7:15 AM POR:<\/strong><\/p>\n<p>Caicumeo copa de agua<\/p>\n<p>Caicumeo pasaje 1 y 2<\/p>\n<p>Villa Los Volcanes<\/p>\n<p>Villa Las Artes<\/p>\n<p>Volc\u00e1n Chait\u00e9n<\/p>\n<p>Circunvalaci\u00f3n<\/p>\n<p>Caracoles 1 y 2<\/p>\n<p>Avenida Pac\u00edfico<\/p>\n<p>Caicumeo\/Avda.La Paz<\/p>\n<p>Calle San Carlos<\/p>\n<p>Liceo El Pilar<\/p>\n<p>Fono contacto transportista 993801032<\/p>\n<div class=\"x11i5rnm xat24cr x1mh8g0r x1vvkbs xtlvy1s x126k92a\">\n<blockquote>\n<div dir=\"auto\" style=\"text-align: center;\"><strong>Fundaci\u00f3n El Pilar de Ancud: 72 a\u00f1os formando personas \u00edntegras, comprometidas con el desarrollo de la sociedad, el cuidado de la Vida y de la madre tierra.<\/strong><\/div>\n<\/blockquote>\n<\/div>\n<div class=\"x11i5rnm xat24cr x1mh8g0r x1vvkbs xtlvy1s x126k92a\">\n<div dir=\"auto\"><\/div>\n<\/div>\n","protected":false},"excerpt":{"rendered":"<p>Recientemente se ha dado inicio a los recorridos de los Buses de Acercamiento en el Liceo Comercial El Pilar. Para el sector urbano se han establecido cuatro diferentes circuitos, todos iniciando a las 7:15 am. A continuaci\u00f3n detallamos cada uno de los recorridos.<\/p>\n","protected":false},"author":5,"featured_media":10336,"comment_status":"closed","ping_status":"closed","sticky":false,"template":"","format":"standard","meta":{"footnotes":""},"categories":[22],"tags":[],"class_list":["post-10335","post","type-post","status-publish","format-standard","has-post-thumbnail","hentry","category-liceo"],"_links":{"self":[{"href":"https:\/\/www.fundacionelpilar.cl\/web\/wp-json\/wp\/v2\/posts\/10335","targetHints":{"allow":["GET"]}}],"collection":[{"href":"https:\/\/www.fundacionelpilar.cl\/web\/wp-json\/wp\/v2\/posts"}],"about":[{"href":"https:\/\/www.fundacionelpilar.cl\/web\/wp-json\/wp\/v2\/types\/post"}],"author":[{"embeddable":true,"href":"https:\/\/www.fundacionelpilar.cl\/web\/wp-json\/wp\/v2\/users\/5"}],"replies":[{"embeddable":true,"href":"https:\/\/www.fundacionelpilar.cl\/web\/wp-json\/wp\/v2\/comments?post=10335"}],"version-history":[{"count":1,"href":"https:\/\/www.fundacionelpilar.cl\/web\/wp-json\/wp\/v2\/posts\/10335\/revisions"}],"predecessor-version":[{"id":10337,"href":"https:\/\/www.fundacionelpilar.cl\/web\/wp-json\/wp\/v2\/posts\/10335\/revisions\/10337"}],"wp:featuredmedia":[{"embeddable":true,"href":"https:\/\/www.fundacionelpilar.cl\/web\/wp-json\/wp\/v2\/media\/10336"}],"wp:attachment":[{"href":"https:\/\/www.fundacionelpilar.cl\/web\/wp-json\/wp\/v2\/media?parent=10335"}],"wp:term":[{"taxonomy":"category","embeddable":true,"href":"https:\/\/www.fundacionelpilar.cl\/web\/wp-json\/wp\/v2\/categories?post=10335"},{"taxonomy":"post_tag","embeddable":true,"href":"https:\/\/www.fundacionelpilar.cl\/web\/wp-json\/wp\/v2\/tags?post=10335"}],"curies":[{"name":"wp","href":"https:\/\/api.w.org\/{rel}","templated":true}]}}