{"id":10103,"date":"2024-12-16T15:27:53","date_gmt":"2024-12-16T15:27:53","guid":{"rendered":"https:\/\/www.fundacionelpilar.cl\/web\/?p=10103"},"modified":"2024-12-16T15:30:21","modified_gmt":"2024-12-16T15:30:21","slug":"estudiantes-de-kinder-2024-vivieron-su-ceremonia-de-envio","status":"publish","type":"post","link":"https:\/\/www.fundacionelpilar.cl\/web\/estudiantes-de-kinder-2024-vivieron-su-ceremonia-de-envio\/","title":{"rendered":"Estudiantes de Kinder 2024 vivieron su ceremonia de env\u00edo"},"content":{"rendered":"<p><strong>La tarde del pasado mi\u00e9rcoles 11 de diciembre se efectu\u00f3 la actividad con la que los alumnos del Colegio El Pilar dieron por culminada su Educaci\u00f3n Parvularia. <\/strong><!--more--><\/p>\n<p>El d\u00eda mi\u00e9rcoles 11 de diciembre, se realiz\u00f3 la ceremonia de tradicional entrega de certificados del segundo nivel de transici\u00f3n de la Educaci\u00f3n Parvularia de nuestro Colegio El Pilar.<\/p>\n<p>En la ocasi\u00f3n, 53 ni\u00f1os y ni\u00f1as pertenecientes a los Kinder A y B dieron por culminada esta importante etapa escolar, que emprendieron de la mano formadora, acogedora y cari\u00f1osa de la comunidad educativa del Colegio El Pilar.<\/p>\n<p>La actividad se efectu\u00f3 en el gimnasio del Colegio y en ella estuvieron presentes no s\u00f3lo las familias, sino que las hermanas Ursulinas de Jes\u00fas y los equipos directivos, de gesti\u00f3n, profesores y asistentes de la educaci\u00f3n.<\/p>\n<p>La jornada parti\u00f3 con el ingreso de los peque\u00f1os pilarinos del Kinder \u201cA\u201d acompa\u00f1ados de su educadora de p\u00e1rvulos t\u00eda Yasna Delgado Huiniahue y las t\u00e9cnico en atenci\u00f3n de p\u00e1rvulos Yanella Caro Ampuero y Carolina Mancilla Pacheco. Luego siguieron sus compa\u00f1eros del Kinder \u201cB\u201d de la mano de su educadora de p\u00e1rvulos, t\u00eda Katherine Schalchli V\u00e1squez y la t\u00e9cnico en atenci\u00f3n de p\u00e1rvulos, Andrea Gonz\u00e1lez Huirimilla.<\/p>\n<p><strong><em>\u201cComo Fundaci\u00f3n y como colegio cat\u00f3lico nuestra misi\u00f3n siempre ha sido no solo educar en lo acad\u00e9mico, sino tambi\u00e9n en lo espiritual. Desde el primer d\u00eda hemos buscado sembrar en cada uno de nuestros estudiantes semilla de fe, amor y respeto. Ense\u00f1arles a vivir los valores de Jes\u00fas y a comprender que su vida tiene un prop\u00f3sito m\u00e1s grande, una vocaci\u00f3n hacia el bien, la justicia y la paz\u201d<\/em><\/strong>, indic\u00f3 el director del Colegio El Pilar, Jorge Ruiz Santana.<\/p>\n<p><strong>PREMIOS<\/strong><\/p>\n<p>Una menci\u00f3n especial a todos aquellos peque\u00f1os que recibieron condecoraciones por diferentes motivos, tales como premio al alumno integral, premio al esfuerzo y superaci\u00f3n, premio ecolog\u00eda integral y mejor compa\u00f1ero de curso.<\/p>\n<p>Por su parte, las educadoras de p\u00e1rvulos y las t\u00e9cnicos en atenci\u00f3n de p\u00e1rvulos tambi\u00e9n recibieron un reconocimiento de parte de las directivas de cada curso.<\/p>\n<p>La parte musical esta vez estuvo animada por melod\u00edas interpretadas por la Banda Instrumental, adem\u00e1s de un baile que ofreci\u00f3 el taller de danza integral.<\/p>\n<p>La emocionante jornada culmin\u00f3 con la ceremonia del \u00c1ngel de la Guarda de parte de Formaci\u00f3n Pastoral y la interpretaci\u00f3n del Himno del Pilar.<\/p>\n<p><strong>\u201cPeque\u00f1os pasitos compartidos con alegr\u00eda\u201d\u2026<\/strong><\/p>\n<p>Queridos estudiantes egresados de Kinder, que el manto Sagrado de la Virgen del Pilar lo siga protegiendo en su andar y a lo largo de sus vidas.<\/p>\n<div id='gallery-1' class='gallery galleryid-10103 gallery-columns-3 gallery-size-medium'><figure class='gallery-item'>\n\t\t\t<div class='gallery-icon landscape'>\n\t\t\t\t<a href='https:\/\/www.fundacionelpilar.cl\/web\/estudiantes-de-kinder-2024-vivieron-su-ceremonia-de-envio\/dsc_9727\/'><img fetchpriority=\"high\" decoding=\"async\" width=\"300\" height=\"169\" src=\"https:\/\/www.fundacionelpilar.cl\/web\/wp-content\/uploads\/2024\/12\/DSC_9727-300x169.jpg\" class=\"attachment-medium size-medium\" alt=\"\" srcset=\"https:\/\/www.fundacionelpilar.cl\/web\/wp-content\/uploads\/2024\/12\/DSC_9727-300x169.jpg 300w, https:\/\/www.fundacionelpilar.cl\/web\/wp-content\/uploads\/2024\/12\/DSC_9727-1024x575.jpg 1024w, https:\/\/www.fundacionelpilar.cl\/web\/wp-content\/uploads\/2024\/12\/DSC_9727-768x432.jpg 768w, https:\/\/www.fundacionelpilar.cl\/web\/wp-content\/uploads\/2024\/12\/DSC_9727-1536x863.jpg 1536w, https:\/\/www.fundacionelpilar.cl\/web\/wp-content\/uploads\/2024\/12\/DSC_9727-1170x658.jpg 1170w, https:\/\/www.fundacionelpilar.cl\/web\/wp-content\/uploads\/2024\/12\/DSC_9727-770x433.jpg 770w, https:\/\/www.fundacionelpilar.cl\/web\/wp-content\/uploads\/2024\/12\/DSC_9727-370x208.jpg 370w, https:\/\/www.fundacionelpilar.cl\/web\/wp-content\/uploads\/2024\/12\/DSC_9727-270x152.jpg 270w, https:\/\/www.fundacionelpilar.cl\/web\/wp-content\/uploads\/2024\/12\/DSC_9727.jpg 2000w\" sizes=\"(max-width: 300px) 100vw, 300px\" \/><\/a>\n\t\t\t<\/div><\/figure><figure class='gallery-item'>\n\t\t\t<div class='gallery-icon landscape'>\n\t\t\t\t<a href='https:\/\/www.fundacionelpilar.cl\/web\/estudiantes-de-kinder-2024-vivieron-su-ceremonia-de-envio\/dsc_9755\/'><img decoding=\"async\" width=\"300\" height=\"169\" src=\"https:\/\/www.fundacionelpilar.cl\/web\/wp-content\/uploads\/2024\/12\/DSC_9755-300x169.jpg\" class=\"attachment-medium size-medium\" alt=\"\" srcset=\"https:\/\/www.fundacionelpilar.cl\/web\/wp-content\/uploads\/2024\/12\/DSC_9755-300x169.jpg 300w, https:\/\/www.fundacionelpilar.cl\/web\/wp-content\/uploads\/2024\/12\/DSC_9755-1024x575.jpg 1024w, https:\/\/www.fundacionelpilar.cl\/web\/wp-content\/uploads\/2024\/12\/DSC_9755-768x432.jpg 768w, https:\/\/www.fundacionelpilar.cl\/web\/wp-content\/uploads\/2024\/12\/DSC_9755-1536x863.jpg 1536w, https:\/\/www.fundacionelpilar.cl\/web\/wp-content\/uploads\/2024\/12\/DSC_9755-1170x658.jpg 1170w, https:\/\/www.fundacionelpilar.cl\/web\/wp-content\/uploads\/2024\/12\/DSC_9755-770x433.jpg 770w, https:\/\/www.fundacionelpilar.cl\/web\/wp-content\/uploads\/2024\/12\/DSC_9755-370x208.jpg 370w, https:\/\/www.fundacionelpilar.cl\/web\/wp-content\/uploads\/2024\/12\/DSC_9755-270x152.jpg 270w, https:\/\/www.fundacionelpilar.cl\/web\/wp-content\/uploads\/2024\/12\/DSC_9755.jpg 2000w\" sizes=\"(max-width: 300px) 100vw, 300px\" \/><\/a>\n\t\t\t<\/div><\/figure><figure class='gallery-item'>\n\t\t\t<div class='gallery-icon landscape'>\n\t\t\t\t<a href='https:\/\/www.fundacionelpilar.cl\/web\/estudiantes-de-kinder-2024-vivieron-su-ceremonia-de-envio\/dsc_9770\/'><img decoding=\"async\" width=\"300\" height=\"169\" src=\"https:\/\/www.fundacionelpilar.cl\/web\/wp-content\/uploads\/2024\/12\/DSC_9770-300x169.jpg\" class=\"attachment-medium size-medium\" alt=\"\" srcset=\"https:\/\/www.fundacionelpilar.cl\/web\/wp-content\/uploads\/2024\/12\/DSC_9770-300x169.jpg 300w, https:\/\/www.fundacionelpilar.cl\/web\/wp-content\/uploads\/2024\/12\/DSC_9770-1024x575.jpg 1024w, https:\/\/www.fundacionelpilar.cl\/web\/wp-content\/uploads\/2024\/12\/DSC_9770-768x432.jpg 768w, https:\/\/www.fundacionelpilar.cl\/web\/wp-content\/uploads\/2024\/12\/DSC_9770-1536x863.jpg 1536w, https:\/\/www.fundacionelpilar.cl\/web\/wp-content\/uploads\/2024\/12\/DSC_9770-1170x658.jpg 1170w, https:\/\/www.fundacionelpilar.cl\/web\/wp-content\/uploads\/2024\/12\/DSC_9770-770x433.jpg 770w, https:\/\/www.fundacionelpilar.cl\/web\/wp-content\/uploads\/2024\/12\/DSC_9770-370x208.jpg 370w, https:\/\/www.fundacionelpilar.cl\/web\/wp-content\/uploads\/2024\/12\/DSC_9770-270x152.jpg 270w, https:\/\/www.fundacionelpilar.cl\/web\/wp-content\/uploads\/2024\/12\/DSC_9770.jpg 2000w\" sizes=\"(max-width: 300px) 100vw, 300px\" \/><\/a>\n\t\t\t<\/div><\/figure><figure class='gallery-item'>\n\t\t\t<div class='gallery-icon landscape'>\n\t\t\t\t<a href='https:\/\/www.fundacionelpilar.cl\/web\/estudiantes-de-kinder-2024-vivieron-su-ceremonia-de-envio\/dsc_9807\/'><img loading=\"lazy\" decoding=\"async\" width=\"300\" height=\"169\" src=\"https:\/\/www.fundacionelpilar.cl\/web\/wp-content\/uploads\/2024\/12\/DSC_9807-300x169.jpg\" class=\"attachment-medium size-medium\" alt=\"\" srcset=\"https:\/\/www.fundacionelpilar.cl\/web\/wp-content\/uploads\/2024\/12\/DSC_9807-300x169.jpg 300w, https:\/\/www.fundacionelpilar.cl\/web\/wp-content\/uploads\/2024\/12\/DSC_9807-1024x575.jpg 1024w, https:\/\/www.fundacionelpilar.cl\/web\/wp-content\/uploads\/2024\/12\/DSC_9807-768x432.jpg 768w, https:\/\/www.fundacionelpilar.cl\/web\/wp-content\/uploads\/2024\/12\/DSC_9807-1536x863.jpg 1536w, https:\/\/www.fundacionelpilar.cl\/web\/wp-content\/uploads\/2024\/12\/DSC_9807-1170x658.jpg 1170w, https:\/\/www.fundacionelpilar.cl\/web\/wp-content\/uploads\/2024\/12\/DSC_9807-770x433.jpg 770w, https:\/\/www.fundacionelpilar.cl\/web\/wp-content\/uploads\/2024\/12\/DSC_9807-370x208.jpg 370w, https:\/\/www.fundacionelpilar.cl\/web\/wp-content\/uploads\/2024\/12\/DSC_9807-270x152.jpg 270w, https:\/\/www.fundacionelpilar.cl\/web\/wp-content\/uploads\/2024\/12\/DSC_9807.jpg 2000w\" sizes=\"(max-width: 300px) 100vw, 300px\" \/><\/a>\n\t\t\t<\/div><\/figure><figure class='gallery-item'>\n\t\t\t<div class='gallery-icon landscape'>\n\t\t\t\t<a href='https:\/\/www.fundacionelpilar.cl\/web\/estudiantes-de-kinder-2024-vivieron-su-ceremonia-de-envio\/dsc_9882\/'><img loading=\"lazy\" decoding=\"async\" width=\"300\" height=\"169\" src=\"https:\/\/www.fundacionelpilar.cl\/web\/wp-content\/uploads\/2024\/12\/DSC_9882-300x169.jpg\" class=\"attachment-medium size-medium\" alt=\"\" srcset=\"https:\/\/www.fundacionelpilar.cl\/web\/wp-content\/uploads\/2024\/12\/DSC_9882-300x169.jpg 300w, https:\/\/www.fundacionelpilar.cl\/web\/wp-content\/uploads\/2024\/12\/DSC_9882-1024x575.jpg 1024w, https:\/\/www.fundacionelpilar.cl\/web\/wp-content\/uploads\/2024\/12\/DSC_9882-768x432.jpg 768w, https:\/\/www.fundacionelpilar.cl\/web\/wp-content\/uploads\/2024\/12\/DSC_9882-1536x863.jpg 1536w, https:\/\/www.fundacionelpilar.cl\/web\/wp-content\/uploads\/2024\/12\/DSC_9882-1170x658.jpg 1170w, https:\/\/www.fundacionelpilar.cl\/web\/wp-content\/uploads\/2024\/12\/DSC_9882-770x433.jpg 770w, https:\/\/www.fundacionelpilar.cl\/web\/wp-content\/uploads\/2024\/12\/DSC_9882-370x208.jpg 370w, https:\/\/www.fundacionelpilar.cl\/web\/wp-content\/uploads\/2024\/12\/DSC_9882-270x152.jpg 270w, https:\/\/www.fundacionelpilar.cl\/web\/wp-content\/uploads\/2024\/12\/DSC_9882.jpg 2000w\" sizes=\"(max-width: 300px) 100vw, 300px\" \/><\/a>\n\t\t\t<\/div><\/figure><figure class='gallery-item'>\n\t\t\t<div class='gallery-icon landscape'>\n\t\t\t\t<a href='https:\/\/www.fundacionelpilar.cl\/web\/estudiantes-de-kinder-2024-vivieron-su-ceremonia-de-envio\/dsc_9991\/'><img loading=\"lazy\" decoding=\"async\" width=\"300\" height=\"169\" src=\"https:\/\/www.fundacionelpilar.cl\/web\/wp-content\/uploads\/2024\/12\/DSC_9991-300x169.jpg\" class=\"attachment-medium size-medium\" alt=\"\" srcset=\"https:\/\/www.fundacionelpilar.cl\/web\/wp-content\/uploads\/2024\/12\/DSC_9991-300x169.jpg 300w, https:\/\/www.fundacionelpilar.cl\/web\/wp-content\/uploads\/2024\/12\/DSC_9991-1024x575.jpg 1024w, https:\/\/www.fundacionelpilar.cl\/web\/wp-content\/uploads\/2024\/12\/DSC_9991-768x432.jpg 768w, https:\/\/www.fundacionelpilar.cl\/web\/wp-content\/uploads\/2024\/12\/DSC_9991-1536x863.jpg 1536w, https:\/\/www.fundacionelpilar.cl\/web\/wp-content\/uploads\/2024\/12\/DSC_9991-1170x658.jpg 1170w, https:\/\/www.fundacionelpilar.cl\/web\/wp-content\/uploads\/2024\/12\/DSC_9991-770x433.jpg 770w, https:\/\/www.fundacionelpilar.cl\/web\/wp-content\/uploads\/2024\/12\/DSC_9991-370x208.jpg 370w, https:\/\/www.fundacionelpilar.cl\/web\/wp-content\/uploads\/2024\/12\/DSC_9991-270x152.jpg 270w, https:\/\/www.fundacionelpilar.cl\/web\/wp-content\/uploads\/2024\/12\/DSC_9991.jpg 2000w\" sizes=\"(max-width: 300px) 100vw, 300px\" \/><\/a>\n\t\t\t<\/div><\/figure>\n\t\t<\/div>\n\n<p><a href=\"https:\/\/web.facebook.com\/photo\/?fbid=1039845851278550&amp;set=pcb.1039853907944411&amp;__cft__[0]=AZUI9iB9R3OvVhODj4o_nrGllE8vd5CA0rS50ew2XDoJJfOEhRumxGqK5JhocivHBahFW_Z2g3jxiVHYKDLIAYGeARSQER8WTu0SXqhbJZfL79qrJKcSGSOVQjjrLttBOlXPYjFFLqWwo5hM9CUccTpMfM6id-sHW119bl3VryPTmPfxn6cvryMR5w_aKArc40I&amp;__tn__=*bH-R\">Ver galer\u00eda fotogr\u00e1fica\u00a0<\/a><\/p>\n<blockquote>\n<p style=\"text-align: center;\"><strong>Fundaci\u00f3n El Pilar de Ancud: 71 a\u00f1os formando personas \u00edntegras, comprometidas con el desarrollo de la sociedad, el cuidado de la Vida y de la madre tierra.<\/strong><\/p>\n<\/blockquote>\n","protected":false},"excerpt":{"rendered":"<p>La tarde del pasado mi\u00e9rcoles 11 de diciembre se efectu\u00f3 la actividad con la que los alumnos del Colegio El Pilar dieron por culminada su Educaci\u00f3n Parvularia.<\/p>\n","protected":false},"author":5,"featured_media":10104,"comment_status":"closed","ping_status":"closed","sticky":false,"template":"","format":"standard","meta":{"footnotes":""},"categories":[10],"tags":[],"class_list":["post-10103","post","type-post","status-publish","format-standard","has-post-thumbnail","hentry","category-colegio"],"_links":{"self":[{"href":"https:\/\/www.fundacionelpilar.cl\/web\/wp-json\/wp\/v2\/posts\/10103","targetHints":{"allow":["GET"]}}],"collection":[{"href":"https:\/\/www.fundacionelpilar.cl\/web\/wp-json\/wp\/v2\/posts"}],"about":[{"href":"https:\/\/www.fundacionelpilar.cl\/web\/wp-json\/wp\/v2\/types\/post"}],"author":[{"embeddable":true,"href":"https:\/\/www.fundacionelpilar.cl\/web\/wp-json\/wp\/v2\/users\/5"}],"replies":[{"embeddable":true,"href":"https:\/\/www.fundacionelpilar.cl\/web\/wp-json\/wp\/v2\/comments?post=10103"}],"version-history":[{"count":2,"href":"https:\/\/www.fundacionelpilar.cl\/web\/wp-json\/wp\/v2\/posts\/10103\/revisions"}],"predecessor-version":[{"id":10112,"href":"https:\/\/www.fundacionelpilar.cl\/web\/wp-json\/wp\/v2\/posts\/10103\/revisions\/10112"}],"wp:featuredmedia":[{"embeddable":true,"href":"https:\/\/www.fundacionelpilar.cl\/web\/wp-json\/wp\/v2\/media\/10104"}],"wp:attachment":[{"href":"https:\/\/www.fundacionelpilar.cl\/web\/wp-json\/wp\/v2\/media?parent=10103"}],"wp:term":[{"taxonomy":"category","embeddable":true,"href":"https:\/\/www.fundacionelpilar.cl\/web\/wp-json\/wp\/v2\/categories?post=10103"},{"taxonomy":"post_tag","embeddable":true,"href":"https:\/\/www.fundacionelpilar.cl\/web\/wp-json\/wp\/v2\/tags?post=10103"}],"curies":[{"name":"wp","href":"https:\/\/api.w.org\/{rel}","templated":true}]}}